{"id":296939,"date":"2026-04-15T09:48:59","date_gmt":"2026-04-15T07:48:59","guid":{"rendered":"https:\/\/www.icaib.org\/?p=296939"},"modified":"2026-04-15T09:48:59","modified_gmt":"2026-04-15T07:48:59","slug":"i-congres-de-la-catedra-de-dret-esportiu-palma-futsal-conectabalear","status":"publish","type":"post","link":"https:\/\/www.icaib.org\/ca\/i-congres-de-la-catedra-de-dret-esportiu-palma-futsal-conectabalear\/","title":{"rendered":"I Congr\u00e9s de la C\u00e0tedra de Dret Esportiu Palma Futsal \u2013 ConectaBalear"},"content":{"rendered":"<p>El Congr\u00e9s tindr\u00e0 lloc el dia 5 de juny a l&#8217;edifici universitari Gaspar Melchor de Jovellanos de la UIB i comptar\u00e0 amb la intervenci\u00f3 de diferents professionals que analitzaran, entre altres q\u00fcestions, els delictes d&#8217;odi en l&#8217;esport; les lesions en la pr\u00e0ctica del futbol; el debat sobre autonomia de l&#8217;atleta i la protecci\u00f3 de la salut, amb especial atenci\u00f3 al dilema legal dels denominats \u201cJuegos Mejorados\u201d; els r\u00e8gims disciplinari i administratiu en l&#8217;esport; aix\u00ed com la realitat professional d&#8217;els\/les futbolistes, aix\u00ed com la fiscalitat dels esportistes d&#8217;elit.<\/p>\n<p>Les persones interessades a obtenir m\u00e9s informaci\u00f3 i\/o formalitzar la inscripci\u00f3, que \u00e9s gratu\u00efta, poden fer-ho en l&#8217;enlla\u00e7: <a href=\"https:\/\/agenda.uib.es\/146343\/detail\/i-congreso-de-la-catedra-de-derecho-deportivo-palma-futsal-conectabalear.html\">https:\/\/agenda.uib.es\/146343\/detail\/i-congreso-de-la-catedra-de-derecho-deportivo-palma-futsal-conectabalear.html<\/a><\/p>\n","protected":false},"excerpt":{"rendered":"<p>El Congr\u00e9s tindr\u00e0 lloc el dia 5 de juny a  [&#8230;]<\/p>\n","protected":false},"author":13,"featured_media":0,"comment_status":"closed","ping_status":"closed","sticky":false,"template":"","format":"standard","meta":{"footnotes":""},"categories":[39],"tags":[],"class_list":["post-296939","post","type-post","status-publish","format-standard","hentry","category-noticias-circular-cat"],"_links":{"self":[{"href":"https:\/\/www.icaib.org\/ca\/wp-json\/wp\/v2\/posts\/296939","targetHints":{"allow":["GET"]}}],"collection":[{"href":"https:\/\/www.icaib.org\/ca\/wp-json\/wp\/v2\/posts"}],"about":[{"href":"https:\/\/www.icaib.org\/ca\/wp-json\/wp\/v2\/types\/post"}],"author":[{"embeddable":true,"href":"https:\/\/www.icaib.org\/ca\/wp-json\/wp\/v2\/users\/13"}],"replies":[{"embeddable":true,"href":"https:\/\/www.icaib.org\/ca\/wp-json\/wp\/v2\/comments?post=296939"}],"version-history":[{"count":1,"href":"https:\/\/www.icaib.org\/ca\/wp-json\/wp\/v2\/posts\/296939\/revisions"}],"predecessor-version":[{"id":296940,"href":"https:\/\/www.icaib.org\/ca\/wp-json\/wp\/v2\/posts\/296939\/revisions\/296940"}],"wp:attachment":[{"href":"https:\/\/www.icaib.org\/ca\/wp-json\/wp\/v2\/media?parent=296939"}],"wp:term":[{"taxonomy":"category","embeddable":true,"href":"https:\/\/www.icaib.org\/ca\/wp-json\/wp\/v2\/categories?post=296939"},{"taxonomy":"post_tag","embeddable":true,"href":"https:\/\/www.icaib.org\/ca\/wp-json\/wp\/v2\/tags?post=296939"}],"curies":[{"name":"wp","href":"https:\/\/api.w.org\/{rel}","templated":true}]}}