{"id":297488,"date":"2026-04-27T13:15:14","date_gmt":"2026-04-27T11:15:14","guid":{"rendered":"https:\/\/www.icaib.org\/?p=297488"},"modified":"2026-04-27T13:15:14","modified_gmt":"2026-04-27T11:15:14","slug":"el-cgpj-insta-els-tribunals-a-organitzar-la-presentacio-dels-detinguts-davant-el-jutge-de-guardia-de-manera-presencial","status":"publish","type":"post","link":"https:\/\/www.icaib.org\/ca\/el-cgpj-insta-els-tribunals-a-organitzar-la-presentacio-dels-detinguts-davant-el-jutge-de-guardia-de-manera-presencial\/","title":{"rendered":"El CGPJ insta els tribunals a organitzar la presentaci\u00f3 dels detinguts davant el jutge de gu\u00e0rdia de manera presencial"},"content":{"rendered":"<p>El Ple del Consell General del Poder Judicial ha acordat en data 22 d&#8217;abril que els \u00f2rgans de govern dels tribunals organitzin i coordinin la presentaci\u00f3 de detinguts davant el\/la jutge\/a de gu\u00e0rdia en els diferents partits judicials de manera presencial i no telem\u00e0tica, en compliment de l&#8217;article 17.2 de la Constituci\u00f3 Espanyola, recaptant per a aix\u00f2, si fos necessari, els mitjans addicionals pertinents de les Administracions responsables.<\/p>\n<p>L&#8217;\u00f2rgan de govern dels jutges ha aprovat aquest acord, a inst\u00e0ncies de la seva presidenta, \u201cdespr\u00e9s de tenir coneixement que la posada a disposici\u00f3 judicial dels detinguts en alguns partits judicials s&#8217;estava practicant (\u2026) per mitjans telem\u00e0tics, prestant aquestes persones declaraci\u00f3 des de comissaria\u201d.<\/p>\n<p>No obstant aix\u00f2, l&#8217;acord afegeix que el protocol o sistema organitzatiu que s&#8217;adopti ara \u201cno impedir\u00e0 a cada jutge\/a resoldre excepcionalment i per causa justificada, en exercici de la seva potestat jurisdiccional, la declaraci\u00f3 del detingut en un proc\u00e9s per mitjans telem\u00e0tics, en la forma i amb les condicions previstes en les lleis processals\u201d. \u201cEn aquests sup\u00f2sits \u2013 afegeix-, es prioritzar\u00e0 la r\u00e0pida notificaci\u00f3 i el compliment efectiu de la resoluci\u00f3 judicial adoptada.<\/p>\n<p>M\u00e9s informaci\u00f3n a <a href=\"https:\/\/www.poderjudicial.es\/cgpj\/es\/poder-judicial\/en-portada\/el-cgpj-acuerda-que-los-organos-de-gobierno-de-los-tribunales-organicen-y-coordinen-la-presentacion-de-detenidos-ante-el-la-juez-a-de-guardia-de-forma-presencial-y-no-telematica\">https:\/\/www.poderjudicial.es\/cgpj\/es\/poder-judicial\/en-portada\/el-cgpj-acuerda-que-los-organos-de-gobierno-de-los-tribunales-organicen-y-coordinen-la-presentacion-de-detenidos-ante-el-la-juez-a-de-guardia-de-forma-presencial-y-no-telematica<\/a>.<\/p>\n","protected":false},"excerpt":{"rendered":"<p>El Ple del Consell General del Poder Judicial ha acordat  [&#8230;]<\/p>\n","protected":false},"author":13,"featured_media":0,"comment_status":"closed","ping_status":"closed","sticky":false,"template":"","format":"standard","meta":{"footnotes":""},"categories":[33],"tags":[],"class_list":["post-297488","post","type-post","status-publish","format-standard","hentry","category-noticies-icaib"],"_links":{"self":[{"href":"https:\/\/www.icaib.org\/ca\/wp-json\/wp\/v2\/posts\/297488","targetHints":{"allow":["GET"]}}],"collection":[{"href":"https:\/\/www.icaib.org\/ca\/wp-json\/wp\/v2\/posts"}],"about":[{"href":"https:\/\/www.icaib.org\/ca\/wp-json\/wp\/v2\/types\/post"}],"author":[{"embeddable":true,"href":"https:\/\/www.icaib.org\/ca\/wp-json\/wp\/v2\/users\/13"}],"replies":[{"embeddable":true,"href":"https:\/\/www.icaib.org\/ca\/wp-json\/wp\/v2\/comments?post=297488"}],"version-history":[{"count":1,"href":"https:\/\/www.icaib.org\/ca\/wp-json\/wp\/v2\/posts\/297488\/revisions"}],"predecessor-version":[{"id":297490,"href":"https:\/\/www.icaib.org\/ca\/wp-json\/wp\/v2\/posts\/297488\/revisions\/297490"}],"wp:attachment":[{"href":"https:\/\/www.icaib.org\/ca\/wp-json\/wp\/v2\/media?parent=297488"}],"wp:term":[{"taxonomy":"category","embeddable":true,"href":"https:\/\/www.icaib.org\/ca\/wp-json\/wp\/v2\/categories?post=297488"},{"taxonomy":"post_tag","embeddable":true,"href":"https:\/\/www.icaib.org\/ca\/wp-json\/wp\/v2\/tags?post=297488"}],"curies":[{"name":"wp","href":"https:\/\/api.w.org\/{rel}","templated":true}]}}