{"id":297575,"date":"2026-04-28T15:14:54","date_gmt":"2026-04-28T13:14:54","guid":{"rendered":"https:\/\/www.icaib.org\/?p=297575"},"modified":"2026-04-28T15:15:53","modified_gmt":"2026-04-28T13:15:53","slug":"misser-149-justicia-restaurativa-mes-enlla-del-castig-penal","status":"publish","type":"post","link":"https:\/\/www.icaib.org\/ca\/misser-149-justicia-restaurativa-mes-enlla-del-castig-penal\/","title":{"rendered":"Miss\u00e8r 149: Just\u00edcia restaurativa, m\u00e9s enll\u00e0 del c\u00e0stig penal"},"content":{"rendered":"<p>La just\u00edcia penal a Espanya es desviu per les v\u00edctimes, per\u00f2 sense les v\u00edctimes. Canviar aquesta tend\u00e8ncia i comen\u00e7ar a posar a les persones agreujades en el centre del proc\u00e9s, en qualsevol de les seves fases, \u00e9s l&#8217;aposta dels qui tenen una fe cega en el poder sanador de la Just\u00edcia restaurativa. En aquest n\u00famero de <em>Miss\u00e8r<\/em> parlem amb alguns d&#8217;aquests juristes, que ens expliquen els avantatges que les trobades restauratives tenen, no sols per a les v\u00edctimes, sin\u00f3 tamb\u00e9 per als infractors, la societat i la pr\u00f2pia Just\u00edcia. Una cosa de la qual en sap, i molt, Maixabel Lassa Iturrioz, que va mantenir aquestes trobades amb els membres de la banda terrorista ETA que assessinaren al seu marit &#8211; Juan Mar\u00eda J\u00e1uregui- i a qui entrevistem en aquest n\u00famero.<\/p>\n<p>La nova entrega de <em>Miss\u00e8r <\/em>revela tamb\u00e9 la import\u00e0ncia de les conseq\u00fc\u00e8ncies de l&#8217;estr\u00e8s sobre la salut f\u00edsica i mental dels professionals de l&#8217;advocacia i centra l&#8217;article editorial en el qual el deg\u00e0 ens convida a vigilar aquests efectes i a adoptar mesures per a avan\u00e7ar en benestar.<\/p>\n<p>En la secci\u00f3 \u2018Torn d&#8217;ofici\u2019 es reflecteix el nou menyspreu del Ministeri de Just\u00edcia al col\u00b7lectiu, amb la seva decisi\u00f3 de no abonar als lletrats les actuacions en els MASC si aquestes no deriven en acord, mentre que en \u201cOpini\u00f3\u201d comptem amb les signatures de Jorge Fuster, Daniel Loscertales i Francisco Socorro.<\/p>\n<p>Una \u00e0mplia ressenya de la mem\u00f2ria col\u00b7legial de 2025 i de l&#8217;aprovaci\u00f3 del compte de resultats de l&#8217;exercici integren les p\u00e0gines de \u201cEl Col\u00b7legi\u201d.<\/p>\n<p>En el n\u00famero 149 trobarem tamb\u00e9 altres not\u00edcies i reportatges, com l&#8217;activitat cultural o la diversi\u00f3 dels tallers infantils de Setmana Santa.<\/p>\n<p>Passeu i llegiu \u2026 <a href='https:\/\/www.icaib.org\/wp-content\/uploads\/2026\/04\/REVISTA-MISSER-149.pdf' target='_blank'>\n                <i class='fas fa-link'><\/i> \n                <strong>REVISTA MISSER 149<\/strong>\n            <\/a><br\/><\/p>\n","protected":false},"excerpt":{"rendered":"<p>La just\u00edcia penal a Espanya es desviu per les v\u00edctimes,  [&#8230;]<\/p>\n","protected":false},"author":13,"featured_media":297578,"comment_status":"closed","ping_status":"closed","sticky":false,"template":"","format":"standard","meta":{"footnotes":""},"categories":[33,11],"tags":[],"class_list":["post-297575","post","type-post","status-publish","format-standard","has-post-thumbnail","hentry","category-noticies-icaib","category-sin-categoria-ca"],"_links":{"self":[{"href":"https:\/\/www.icaib.org\/ca\/wp-json\/wp\/v2\/posts\/297575","targetHints":{"allow":["GET"]}}],"collection":[{"href":"https:\/\/www.icaib.org\/ca\/wp-json\/wp\/v2\/posts"}],"about":[{"href":"https:\/\/www.icaib.org\/ca\/wp-json\/wp\/v2\/types\/post"}],"author":[{"embeddable":true,"href":"https:\/\/www.icaib.org\/ca\/wp-json\/wp\/v2\/users\/13"}],"replies":[{"embeddable":true,"href":"https:\/\/www.icaib.org\/ca\/wp-json\/wp\/v2\/comments?post=297575"}],"version-history":[{"count":1,"href":"https:\/\/www.icaib.org\/ca\/wp-json\/wp\/v2\/posts\/297575\/revisions"}],"predecessor-version":[{"id":297577,"href":"https:\/\/www.icaib.org\/ca\/wp-json\/wp\/v2\/posts\/297575\/revisions\/297577"}],"wp:featuredmedia":[{"embeddable":true,"href":"https:\/\/www.icaib.org\/ca\/wp-json\/wp\/v2\/media\/297578"}],"wp:attachment":[{"href":"https:\/\/www.icaib.org\/ca\/wp-json\/wp\/v2\/media?parent=297575"}],"wp:term":[{"taxonomy":"category","embeddable":true,"href":"https:\/\/www.icaib.org\/ca\/wp-json\/wp\/v2\/categories?post=297575"},{"taxonomy":"post_tag","embeddable":true,"href":"https:\/\/www.icaib.org\/ca\/wp-json\/wp\/v2\/tags?post=297575"}],"curies":[{"name":"wp","href":"https:\/\/api.w.org\/{rel}","templated":true}]}}