{"id":297632,"date":"2026-04-29T09:29:53","date_gmt":"2026-04-29T07:29:53","guid":{"rendered":"https:\/\/www.icaib.org\/?p=297632"},"modified":"2026-04-29T09:29:53","modified_gmt":"2026-04-29T07:29:53","slug":"jornada-plans-de-reestructuracio-insolvencia-i-viabilitat-questions-polemiques-i-el-seu-tracte-en-la-jurisprudencia","status":"publish","type":"post","link":"https:\/\/www.icaib.org\/ca\/jornada-plans-de-reestructuracio-insolvencia-i-viabilitat-questions-polemiques-i-el-seu-tracte-en-la-jurisprudencia\/","title":{"rendered":"Jornada: \u201cPlans de reestructuraci\u00f3, insolv\u00e8ncia i viabilitat. Q\u00fcestions pol\u00e8miques i el seu tracte en la jurisprud\u00e8ncia\u201d"},"content":{"rendered":"<p>La jornada organitzada per GOBID tindr\u00e0 lloc el dia 21 de maig, de les 9.30 a les 13.00 hores, en el Reial Club N\u00e0utic de Palma i s&#8217;estructura sobre dues taules rodones que seran moderades pel lletrat Pedro Antonio Ventanyol Monreal i que comptaran amb les intervencions dels magistrats V\u00edctor Casaleiro R\u00edos, Juan Ignacio Mart\u00ednez Aricas i Jorge Pastor Panadero i dels advocats Eduardo Aznar Giner i Jos\u00e9 Antonio Garc\u00eda Argudo.<\/p>\n<p>Els col\u00b7legiats del ICAIB poden accedir a la tarifa redu\u00efda.<\/p>\n<a href='https:\/\/www.icaib.org\/wp-content\/uploads\/2026\/04\/Palma-de-Mallorca-21-de-mayo.pdf' target='_blank'>\n                <i class='fas fa-link'><\/i> \n                <strong>Palma de Mallorca -21 de mayo<\/strong>\n            <\/a><br\/>\n","protected":false},"excerpt":{"rendered":"<p>La jornada organitzada per GOBID tindr\u00e0 lloc el dia 21  [&#8230;]<\/p>\n","protected":false},"author":13,"featured_media":0,"comment_status":"closed","ping_status":"closed","sticky":false,"template":"","format":"standard","meta":{"footnotes":""},"categories":[39],"tags":[],"class_list":["post-297632","post","type-post","status-publish","format-standard","hentry","category-noticias-circular-cat"],"_links":{"self":[{"href":"https:\/\/www.icaib.org\/ca\/wp-json\/wp\/v2\/posts\/297632","targetHints":{"allow":["GET"]}}],"collection":[{"href":"https:\/\/www.icaib.org\/ca\/wp-json\/wp\/v2\/posts"}],"about":[{"href":"https:\/\/www.icaib.org\/ca\/wp-json\/wp\/v2\/types\/post"}],"author":[{"embeddable":true,"href":"https:\/\/www.icaib.org\/ca\/wp-json\/wp\/v2\/users\/13"}],"replies":[{"embeddable":true,"href":"https:\/\/www.icaib.org\/ca\/wp-json\/wp\/v2\/comments?post=297632"}],"version-history":[{"count":1,"href":"https:\/\/www.icaib.org\/ca\/wp-json\/wp\/v2\/posts\/297632\/revisions"}],"predecessor-version":[{"id":297634,"href":"https:\/\/www.icaib.org\/ca\/wp-json\/wp\/v2\/posts\/297632\/revisions\/297634"}],"wp:attachment":[{"href":"https:\/\/www.icaib.org\/ca\/wp-json\/wp\/v2\/media?parent=297632"}],"wp:term":[{"taxonomy":"category","embeddable":true,"href":"https:\/\/www.icaib.org\/ca\/wp-json\/wp\/v2\/categories?post=297632"},{"taxonomy":"post_tag","embeddable":true,"href":"https:\/\/www.icaib.org\/ca\/wp-json\/wp\/v2\/tags?post=297632"}],"curies":[{"name":"wp","href":"https:\/\/api.w.org\/{rel}","templated":true}]}}