{"id":42042,"date":"2018-10-19T13:36:01","date_gmt":"2018-10-19T11:36:01","guid":{"rendered":"https:\/\/www.icaib.org\/?p=42042"},"modified":"2018-11-06T11:53:30","modified_gmt":"2018-11-06T10:53:30","slug":"lletrats-voluntaris-per-a-la-jornada-de-portes-obertes-2018-23-de-novembre","status":"publish","type":"post","link":"https:\/\/www.icaib.org\/ca\/lletrats-voluntaris-per-a-la-jornada-de-portes-obertes-2018-23-de-novembre\/","title":{"rendered":"Lletrats voluntaris per a la jornada de portes obertes a Inca i Menorca"},"content":{"rendered":"<p>L\u2019ICAIB organitza una nova edici\u00f3 de la Jornada de Portes Obertes, que tindr\u00e0 lloc el divendres 23 de novembre, de les 9.00 a les 15.00 hores, a totes les seus col\u00b7legials. Aquest dia, els ciutadans podran fer consultes jur\u00eddiques gratu\u00eftes als advocats voluntaris.<\/p>\n<p>Tot i que la jornada \u00e9s de 9.00 a 15.00 h, els lletrats poden triar un d\u2019aquests intervals horaris: de 9.00 a 12.00 hores o de 12.00 a 15.00 hores, segons la franja que millor s\u2019adapti a les seves circumst\u00e0ncies professionals o laborals.<\/p>\n<p>Els col\u00b7legiats \u2014que han de ser exercents\u2014 que s\u2019inscriguin com a voluntaris per atendre les consultes dels ciutadans estaran exempts de pagar la quota col\u00b7legial corresponent al mes de desembre de 2018, sempre que estiguin presents a la jornada almenys tres de les sis hores de duraci\u00f3 programada.<\/p>\n<p>Les places de lletrats a Palma, Manacor i Eivissa estan ja cobertes. Hi ha places lliures a Inca i a Menorca.<\/p>\n<p>Els advocats i advocades interessats a participar-hi han de comunicar-ho enviant un correu a l\u2019adre\u00e7a <a href=\"mailto:comunicacio@icaib.org\" target=\"_blank\" rel=\"noopener\">comunicacio@icaib.org<\/a> abans del 16 de novembre (incl\u00f2s), per tal d\u2019organitzar, per especialitzaci\u00f3 o branques del dret, els grups d\u2019atenci\u00f3 als ciutadans. Per aix\u00f2, a m\u00e9s del nom i els cognoms, han d\u2019especificar la disciplina o les disciplines del dret a qu\u00e8 es dediquen.<\/p>\n","protected":false},"excerpt":{"rendered":"<p>L\u2019ICAIB organitza una nova edici\u00f3 de la Jornada de Portes  [&#8230;]<\/p>\n","protected":false},"author":1,"featured_media":42104,"comment_status":"closed","ping_status":"closed","sticky":false,"template":"","format":"standard","meta":{"footnotes":""},"categories":[33],"tags":[],"class_list":["post-42042","post","type-post","status-publish","format-standard","has-post-thumbnail","hentry","category-noticies-icaib"],"_links":{"self":[{"href":"https:\/\/www.icaib.org\/ca\/wp-json\/wp\/v2\/posts\/42042","targetHints":{"allow":["GET"]}}],"collection":[{"href":"https:\/\/www.icaib.org\/ca\/wp-json\/wp\/v2\/posts"}],"about":[{"href":"https:\/\/www.icaib.org\/ca\/wp-json\/wp\/v2\/types\/post"}],"author":[{"embeddable":true,"href":"https:\/\/www.icaib.org\/ca\/wp-json\/wp\/v2\/users\/1"}],"replies":[{"embeddable":true,"href":"https:\/\/www.icaib.org\/ca\/wp-json\/wp\/v2\/comments?post=42042"}],"version-history":[{"count":0,"href":"https:\/\/www.icaib.org\/ca\/wp-json\/wp\/v2\/posts\/42042\/revisions"}],"wp:featuredmedia":[{"embeddable":true,"href":"https:\/\/www.icaib.org\/ca\/wp-json\/wp\/v2\/media\/42104"}],"wp:attachment":[{"href":"https:\/\/www.icaib.org\/ca\/wp-json\/wp\/v2\/media?parent=42042"}],"wp:term":[{"taxonomy":"category","embeddable":true,"href":"https:\/\/www.icaib.org\/ca\/wp-json\/wp\/v2\/categories?post=42042"},{"taxonomy":"post_tag","embeddable":true,"href":"https:\/\/www.icaib.org\/ca\/wp-json\/wp\/v2\/tags?post=42042"}],"curies":[{"name":"wp","href":"https:\/\/api.w.org\/{rel}","templated":true}]}}