{"id":44571,"date":"2018-12-05T13:32:02","date_gmt":"2018-12-05T12:32:02","guid":{"rendered":"https:\/\/www.icaib.org\/?p=44571"},"modified":"2018-12-05T13:35:30","modified_gmt":"2018-12-05T12:35:30","slug":"els-nins-diego-florit-triay-eleonora-mulet-moya-i-sofia-llabres-zamorano-guanyen-el-xii-concurs-de-felicitacions-de-nadal-de-licaib","status":"publish","type":"post","link":"https:\/\/www.icaib.org\/ca\/els-nins-diego-florit-triay-eleonora-mulet-moya-i-sofia-llabres-zamorano-guanyen-el-xii-concurs-de-felicitacions-de-nadal-de-licaib\/","title":{"rendered":"Els nins Diego Florit Triay, Eleonora Mulet Moy\u00e0 i Sofia Llabr\u00e9s Zamorano guanyen el XII Concurs de Felicitacions de Nadal de l\u2019ICAIB"},"content":{"rendered":"<div class=\"fusion-fullwidth fullwidth-box fusion-builder-row-1 nonhundred-percent-fullwidth non-hundred-percent-height-scrolling\" style=\"--awb-border-radius-top-left:0px;--awb-border-radius-top-right:0px;--awb-border-radius-bottom-right:0px;--awb-border-radius-bottom-left:0px;--awb-flex-wrap:wrap;\" ><div class=\"fusion-builder-row fusion-row\"><div class=\"fusion-layout-column fusion_builder_column fusion-builder-column-0 fusion_builder_column_1_1 1_1 fusion-one-full fusion-column-first fusion-column-last\" style=\"--awb-bg-size:cover;--awb-margin-bottom:0px;\"><div class=\"fusion-column-wrapper fusion-flex-column-wrapper-legacy\"><div class=\"fusion-text fusion-text-1\"><p>El jurat del XII Concurs de Felicitacions de Nadal, reunit el 4 de desembre de 2018, ha decidit atorgar els primers premis de les tres categories del certamen als infants Diego Florit Triay, de 3 anys i fill de la col\u00b7legiada Joana Triay Mascar\u00f3; Eleonora Mulet Moy\u00e0, de 6 anys i neta del col\u00b7legiat Luis Moy\u00e1 Bareche, i Sofia Llabr\u00e9s Zamorano, de 10 anys i filla del col\u00b7legiat Xisco Llabr\u00e9s Ense\u00f1at. <\/p>\n<p>Els dibuixos guanyadors seran la base de la felicitaci\u00f3 nadalenca de l\u2019ICAIB i, juntament amb la resta de les propostes presentades, formaran part d\u2019una exposici\u00f3 que es podr\u00e0 visitar fins despr\u00e9s de Reis a l\u2019ICAIB Palma en horari col\u00b7legi<\/p>\n<\/div><div class=\"fusion-clearfix\"><\/div><\/div><\/div><div class=\"fusion-layout-column fusion_builder_column fusion-builder-column-1 fusion_builder_column_1_3 1_3 fusion-one-third fusion-column-first\" style=\"--awb-bg-size:cover;--awb-margin-bottom:0px;width:30.6666%; margin-right: 4%;\"><div class=\"fusion-column-wrapper fusion-flex-column-wrapper-legacy\"><div class=\"fusion-text fusion-text-2\"><p style=\"text-align: center;\"><img decoding=\"async\" class=\"aligncenter size-medium wp-image-44555\" src=\"https:\/\/www.icaib.org\/wp-content\/uploads\/2018\/12\/0-3-212x300.jpg\" alt=\"\" width=\"212\" height=\"300\" srcset=\"https:\/\/www.icaib.org\/wp-content\/uploads\/2018\/12\/0-3-106x150.jpg 106w, https:\/\/www.icaib.org\/wp-content\/uploads\/2018\/12\/0-3-200x283.jpg 200w, https:\/\/www.icaib.org\/wp-content\/uploads\/2018\/12\/0-3-212x300.jpg 212w, https:\/\/www.icaib.org\/wp-content\/uploads\/2018\/12\/0-3-400x566.jpg 400w, https:\/\/www.icaib.org\/wp-content\/uploads\/2018\/12\/0-3-600x849.jpg 600w, https:\/\/www.icaib.org\/wp-content\/uploads\/2018\/12\/0-3-724x1024.jpg 724w, https:\/\/www.icaib.org\/wp-content\/uploads\/2018\/12\/0-3-768x1086.jpg 768w, https:\/\/www.icaib.org\/wp-content\/uploads\/2018\/12\/0-3-800x1132.jpg 800w, https:\/\/www.icaib.org\/wp-content\/uploads\/2018\/12\/0-3-1200x1697.jpg 1200w, https:\/\/www.icaib.org\/wp-content\/uploads\/2018\/12\/0-3-1320x1867.jpg 1320w\" sizes=\"(max-width: 212px) 100vw, 212px\" \/><br \/>Diego Florit Triay, de 3 anys<\/p>\n<\/div><div class=\"fusion-clearfix\"><\/div><\/div><\/div><div class=\"fusion-layout-column fusion_builder_column fusion-builder-column-2 fusion_builder_column_1_3 1_3 fusion-one-third\" style=\"--awb-bg-size:cover;--awb-margin-bottom:0px;width:30.6666%; margin-right: 4%;\"><div class=\"fusion-column-wrapper fusion-flex-column-wrapper-legacy\"><div class=\"fusion-text fusion-text-3\"><p>\u00a0<\/p>\n<p style=\"text-align: center;\"><img decoding=\"async\" class=\"aligncenter size-medium wp-image-44551\" src=\"https:\/\/www.icaib.org\/wp-content\/uploads\/2018\/12\/4-6-300x212.jpg\" alt=\"\" width=\"300\" height=\"212\" srcset=\"https:\/\/www.icaib.org\/wp-content\/uploads\/2018\/12\/4-6-150x106.jpg 150w, https:\/\/www.icaib.org\/wp-content\/uploads\/2018\/12\/4-6-200x141.jpg 200w, https:\/\/www.icaib.org\/wp-content\/uploads\/2018\/12\/4-6-300x212.jpg 300w, https:\/\/www.icaib.org\/wp-content\/uploads\/2018\/12\/4-6-400x283.jpg 400w, https:\/\/www.icaib.org\/wp-content\/uploads\/2018\/12\/4-6-600x424.jpg 600w, https:\/\/www.icaib.org\/wp-content\/uploads\/2018\/12\/4-6-768x543.jpg 768w, https:\/\/www.icaib.org\/wp-content\/uploads\/2018\/12\/4-6-800x566.jpg 800w, https:\/\/www.icaib.org\/wp-content\/uploads\/2018\/12\/4-6-1024x724.jpg 1024w, https:\/\/www.icaib.org\/wp-content\/uploads\/2018\/12\/4-6-1200x848.jpg 1200w, https:\/\/www.icaib.org\/wp-content\/uploads\/2018\/12\/4-6-1320x933.jpg 1320w\" sizes=\"(max-width: 300px) 100vw, 300px\" \/>Eleonora Mulet Moy\u00e1, de 6 anys<\/p>\n<\/div><div class=\"fusion-clearfix\"><\/div><\/div><\/div><div class=\"fusion-layout-column fusion_builder_column fusion-builder-column-3 fusion_builder_column_1_3 1_3 fusion-one-third fusion-column-last\" style=\"--awb-bg-size:cover;--awb-margin-bottom:0px;width:30.6666%;\"><div class=\"fusion-column-wrapper fusion-flex-column-wrapper-legacy\"><div class=\"fusion-text fusion-text-4\"><p style=\"text-align: center;\"><img decoding=\"async\" class=\"aligncenter size-medium wp-image-44553\" src=\"https:\/\/www.icaib.org\/wp-content\/uploads\/2018\/12\/7-12-212x300.jpg\" alt=\"\" width=\"212\" height=\"300\" srcset=\"https:\/\/www.icaib.org\/wp-content\/uploads\/2018\/12\/7-12-106x150.jpg 106w, https:\/\/www.icaib.org\/wp-content\/uploads\/2018\/12\/7-12-200x283.jpg 200w, https:\/\/www.icaib.org\/wp-content\/uploads\/2018\/12\/7-12-212x300.jpg 212w, https:\/\/www.icaib.org\/wp-content\/uploads\/2018\/12\/7-12-400x566.jpg 400w, https:\/\/www.icaib.org\/wp-content\/uploads\/2018\/12\/7-12-600x849.jpg 600w, https:\/\/www.icaib.org\/wp-content\/uploads\/2018\/12\/7-12-724x1024.jpg 724w, https:\/\/www.icaib.org\/wp-content\/uploads\/2018\/12\/7-12-768x1086.jpg 768w, https:\/\/www.icaib.org\/wp-content\/uploads\/2018\/12\/7-12-800x1132.jpg 800w, https:\/\/www.icaib.org\/wp-content\/uploads\/2018\/12\/7-12-1200x1697.jpg 1200w, https:\/\/www.icaib.org\/wp-content\/uploads\/2018\/12\/7-12-1320x1867.jpg 1320w\" sizes=\"(max-width: 212px) 100vw, 212px\" \/> Sof\u00eda Llabr\u00e9s Zamorano, de 10 anys<\/p>\n<\/div><div class=\"fusion-clearfix\"><\/div><\/div><\/div><\/div><\/div>\n","protected":false},"excerpt":{"rendered":"","protected":false},"author":1,"featured_media":44556,"comment_status":"closed","ping_status":"closed","sticky":false,"template":"","format":"standard","meta":{"footnotes":""},"categories":[33],"tags":[],"class_list":["post-44571","post","type-post","status-publish","format-standard","has-post-thumbnail","hentry","category-noticies-icaib"],"_links":{"self":[{"href":"https:\/\/www.icaib.org\/ca\/wp-json\/wp\/v2\/posts\/44571","targetHints":{"allow":["GET"]}}],"collection":[{"href":"https:\/\/www.icaib.org\/ca\/wp-json\/wp\/v2\/posts"}],"about":[{"href":"https:\/\/www.icaib.org\/ca\/wp-json\/wp\/v2\/types\/post"}],"author":[{"embeddable":true,"href":"https:\/\/www.icaib.org\/ca\/wp-json\/wp\/v2\/users\/1"}],"replies":[{"embeddable":true,"href":"https:\/\/www.icaib.org\/ca\/wp-json\/wp\/v2\/comments?post=44571"}],"version-history":[{"count":0,"href":"https:\/\/www.icaib.org\/ca\/wp-json\/wp\/v2\/posts\/44571\/revisions"}],"wp:featuredmedia":[{"embeddable":true,"href":"https:\/\/www.icaib.org\/ca\/wp-json\/wp\/v2\/media\/44556"}],"wp:attachment":[{"href":"https:\/\/www.icaib.org\/ca\/wp-json\/wp\/v2\/media?parent=44571"}],"wp:term":[{"taxonomy":"category","embeddable":true,"href":"https:\/\/www.icaib.org\/ca\/wp-json\/wp\/v2\/categories?post=44571"},{"taxonomy":"post_tag","embeddable":true,"href":"https:\/\/www.icaib.org\/ca\/wp-json\/wp\/v2\/tags?post=44571"}],"curies":[{"name":"wp","href":"https:\/\/api.w.org\/{rel}","templated":true}]}}