{"id":50467,"date":"2019-05-14T14:48:14","date_gmt":"2019-05-14T12:48:14","guid":{"rendered":"https:\/\/www.icaib.org\/?p=50467"},"modified":"2019-05-14T14:50:00","modified_gmt":"2019-05-14T12:50:00","slug":"el-divendres-7-de-juny-festa-anual-de-licaib-i-sopar-de-companyonia","status":"publish","type":"post","link":"https:\/\/www.icaib.org\/ca\/el-divendres-7-de-juny-festa-anual-de-licaib-i-sopar-de-companyonia\/","title":{"rendered":"El divendres 7 de juny, festa anual de l\u2019ICAIB i sopar de companyonia"},"content":{"rendered":"<p>El divendres 7 de juny tendr\u00e0 lloc a Palma la festa anual de l&#8217;ICAIB, en qu\u00e8 es duran a terme els actes seg\u00fcents:<\/p>\n<p>\u2022 <strong>Lliurament d&#8217;ins\u00edgnies de plata<\/strong> als lletrats amb 25 anys de col\u00b7legiaci\u00f3. (19 h, sala d&#8217;actes de l&#8217;ICAIB, Palma)<\/p>\n<p>\u2022 <strong>Lliurament de xecs solidaris <\/strong>a diverses organitzacions d&#8217;ajuda social. (19 h, sala d&#8217;actes de l\u2019ICAIB, Palma)<\/p>\n<p>\u2022 <strong>Sopar de companyonia.<\/strong> El sopar, que per acord de la Junta de Govern ser\u00e0 gratu\u00eft, \u00e9s exclusiu per als col\u00b7legiats i tendr\u00e0 lloc a les 21.30 h, al restaurant Bah\u00eda Mediterr\u00e1neo.<\/p>\n<p>At\u00e8s que la capacitat del local \u00e9s limitada i que se seguir\u00e0 rigorosament l\u2019ordre d&#8217;inscripci\u00f3, per assistir al sopar \u00e9s imprescindible<strong> inscriure-s\u2019hi abans del 31 de maig enviant el formulari en l\u00ednia<\/strong> que hi ha al final d&#8217;aquest text (llevat d&#8217;aquells que rebin la ins\u00edgnia de plata, que no han d\u2019enviar el formulari). \u00c9s important tenir en compte que els col\u00b7legiats que hagin rem\u00e8s el formulari i no assisteixin al sopar hauran d&#8217;abonar el preu del cobert, excepte causa justificada de la no assist\u00e8ncia. \u00danicament s&#8217;admetr\u00e0 <strong>una inscripci\u00f3 per persona col\u00b7legiada<\/strong>.<\/p>\n<a href='https:\/\/jornadas.icaib.org\/' target='_blank'>\n                <i class='fas fa-link'><\/i> \n                <strong>Formulari inscripci\u00f3 Cena Col\u00b7legial 2019<\/strong>\n            <\/a><br\/>\n","protected":false},"excerpt":{"rendered":"<p>El divendres 7 de juny tendr\u00e0 lloc a Palma la  [&#8230;]<\/p>\n","protected":false},"author":1,"featured_media":50657,"comment_status":"closed","ping_status":"closed","sticky":false,"template":"","format":"standard","meta":{"footnotes":""},"categories":[33],"tags":[],"class_list":["post-50467","post","type-post","status-publish","format-standard","has-post-thumbnail","hentry","category-noticies-icaib"],"_links":{"self":[{"href":"https:\/\/www.icaib.org\/ca\/wp-json\/wp\/v2\/posts\/50467","targetHints":{"allow":["GET"]}}],"collection":[{"href":"https:\/\/www.icaib.org\/ca\/wp-json\/wp\/v2\/posts"}],"about":[{"href":"https:\/\/www.icaib.org\/ca\/wp-json\/wp\/v2\/types\/post"}],"author":[{"embeddable":true,"href":"https:\/\/www.icaib.org\/ca\/wp-json\/wp\/v2\/users\/1"}],"replies":[{"embeddable":true,"href":"https:\/\/www.icaib.org\/ca\/wp-json\/wp\/v2\/comments?post=50467"}],"version-history":[{"count":0,"href":"https:\/\/www.icaib.org\/ca\/wp-json\/wp\/v2\/posts\/50467\/revisions"}],"wp:featuredmedia":[{"embeddable":true,"href":"https:\/\/www.icaib.org\/ca\/wp-json\/wp\/v2\/media\/50657"}],"wp:attachment":[{"href":"https:\/\/www.icaib.org\/ca\/wp-json\/wp\/v2\/media?parent=50467"}],"wp:term":[{"taxonomy":"category","embeddable":true,"href":"https:\/\/www.icaib.org\/ca\/wp-json\/wp\/v2\/categories?post=50467"},{"taxonomy":"post_tag","embeddable":true,"href":"https:\/\/www.icaib.org\/ca\/wp-json\/wp\/v2\/tags?post=50467"}],"curies":[{"name":"wp","href":"https:\/\/api.w.org\/{rel}","templated":true}]}}