{"id":56551,"date":"2019-10-24T13:29:00","date_gmt":"2019-10-24T11:29:00","guid":{"rendered":"https:\/\/www.icaib.org\/?p=56551"},"modified":"2019-10-24T13:29:00","modified_gmt":"2019-10-24T11:29:00","slug":"comunicat-de-la-junta-de-govern-de-licaib-cites-a-loficina-destrangeria","status":"publish","type":"post","link":"https:\/\/www.icaib.org\/ca\/comunicat-de-la-junta-de-govern-de-licaib-cites-a-loficina-destrangeria\/","title":{"rendered":"Comunicat de la Junta de Govern de l\u2019ICAIB.- Cites a l\u2019Oficina d\u2019Estrangeria"},"content":{"rendered":"<p>Dijous 24 \/10\/2019. La Junta de Govern de l\u2019ICAIB desmenteix, tal i com ha pogut constatar el deg\u00e0 aquest mateix mat\u00ed en una trobada mantinguda amb el delegat del Govern, que des de la Delegaci\u00f3 de Govern s\u2019hagi assenyalat a despatxos professionals d\u2019advocats com els que presumptament haurien copat de forma massiva les cites que concedeix l\u2019Oficina d\u2019Estrangeria perqu\u00e8 les persones estrangeres facin diferents tr\u00e0mits.<\/p>\n<p>La Junta de Govern lamenta el perjudici que aquesta informaci\u00f3 pot causar al conjunt de la professi\u00f3 i, especialment, als professionals de l\u2019advocacia que es dediquen al dret d\u2019estrangeria amb plena observan\u00e7a de la normativa vigent en la mat\u00e8ria i dels principis deontol\u00f2gics de la professi\u00f3.<\/p>\n<p>La Junta de Govern recorda que la majoria d\u2019aquests lletrats i lletrades fa bona part dels tr\u00e0mits dels seus clients i obt\u00e9 les cites per compar\u00e8ixer a l\u2019Oficina d\u2019Estrangeria per mitj\u00e0 del Col\u00b7legi d\u2019Advocats a trav\u00e9s d\u2019un procediment transparent i perfectament pautat establert en el protocol que a aquest efecte tenen subscrit la Delegaci\u00f3 del Govern i aquesta corporaci\u00f3 col\u00b7legial, alhora que manifesta que els advocats que no s\u2019han adherit a aquest protocol sol\u00b7liciten les cites dels seus clients amb plena observan\u00e7a del procediment administratiu establert.<\/p>\n<p>Finalment, ha sol\u00b7licitat que, si de la investigaci\u00f3 iniciada a la Delegaci\u00f3 \u2014que fins ara, segons han confirmat a l\u2019ICAIB, no apunta a despatxos d\u2019advocats\u2014, es detect\u00e9s que alguna persona col\u00b7legiada pogu\u00e9s estar fent aquesta pr\u00e0ctica, ho posi en coneixement del Col\u00b7legi immediatament.<\/p>\n","protected":false},"excerpt":{"rendered":"<p>Dijous 24 \/10\/2019. La Junta de Govern de l\u2019ICAIB desmenteix,  [&#8230;]<\/p>\n","protected":false},"author":1,"featured_media":0,"comment_status":"closed","ping_status":"closed","sticky":false,"template":"","format":"standard","meta":{"footnotes":""},"categories":[33],"tags":[],"class_list":["post-56551","post","type-post","status-publish","format-standard","hentry","category-noticies-icaib"],"_links":{"self":[{"href":"https:\/\/www.icaib.org\/ca\/wp-json\/wp\/v2\/posts\/56551","targetHints":{"allow":["GET"]}}],"collection":[{"href":"https:\/\/www.icaib.org\/ca\/wp-json\/wp\/v2\/posts"}],"about":[{"href":"https:\/\/www.icaib.org\/ca\/wp-json\/wp\/v2\/types\/post"}],"author":[{"embeddable":true,"href":"https:\/\/www.icaib.org\/ca\/wp-json\/wp\/v2\/users\/1"}],"replies":[{"embeddable":true,"href":"https:\/\/www.icaib.org\/ca\/wp-json\/wp\/v2\/comments?post=56551"}],"version-history":[{"count":0,"href":"https:\/\/www.icaib.org\/ca\/wp-json\/wp\/v2\/posts\/56551\/revisions"}],"wp:attachment":[{"href":"https:\/\/www.icaib.org\/ca\/wp-json\/wp\/v2\/media?parent=56551"}],"wp:term":[{"taxonomy":"category","embeddable":true,"href":"https:\/\/www.icaib.org\/ca\/wp-json\/wp\/v2\/categories?post=56551"},{"taxonomy":"post_tag","embeddable":true,"href":"https:\/\/www.icaib.org\/ca\/wp-json\/wp\/v2\/tags?post=56551"}],"curies":[{"name":"wp","href":"https:\/\/api.w.org\/{rel}","templated":true}]}}