{"id":57778,"date":"2019-11-25T11:23:16","date_gmt":"2019-11-25T10:23:16","guid":{"rendered":"https:\/\/www.icaib.org\/?p=57778"},"modified":"2019-11-25T12:19:55","modified_gmt":"2019-11-25T11:19:55","slug":"28-11-2019-en-el-nombre-del-padre-una-gran-pel%c2%b7licula-per-tancar-el-cicle-de-cinema-juridic-2019","status":"publish","type":"post","link":"https:\/\/www.icaib.org\/ca\/28-11-2019-en-el-nombre-del-padre-una-gran-pel%c2%b7licula-per-tancar-el-cicle-de-cinema-juridic-2019\/","title":{"rendered":"28\/11\/2019.- &#8220;En el nombre del padre&#8221;, una gran pel\u00b7l\u00edcula per tancar el cicle de cinema jur\u00eddic 2019"},"content":{"rendered":"<p>La projecci\u00f3 de la pel\u00b7l\u00edcula &#8220;En el nombre del padre&#8221;, prevista per a aquest dijous 28 de novembre, a les 18:30 hores, a la seu de l&#8217;ICAIB Palma, tanca l&#8217;edici\u00f3 d&#8217;enguany del cicle de Cinema Jur\u00eddic, que ha registrat una excel\u00b7lent acollida.<\/p>\n<p>El director Jim Sheridan trasllada a la gran pantalla la hist\u00f2ria real dels \u201cquatre de Guildford&#8221;, quatre homes condemnats a cadena perp\u00e8tua que varen passar m\u00e9s de 15 anys a la pres\u00f3 condemnats per un atemptat que no cometeren.<\/p>\n<p>Una confessi\u00f3 for\u00e7ada, la lluita tit\u00e0nica per la veritat, la hist\u00f2ria d&#8217;un ab\u00fas de poder, l\u2019entrega d&#8217;una advocada conven\u00e7uda de la innoc\u00e8ncia dels seus clients, una policia m\u00e9s interessada a trobar un culpable que la veritat, s\u00f3n, juntament amb les interpretacions inoblidables d&#8217;alguns dels actors protagonistes (Daniel Day-Lewis, Pete Postlethwaite i Emma Thompson), els ingredients que ofereix una pel\u00b7l\u00edcula excel\u00b7lent.<\/p>\n<p>La pel\u00b7l\u00edcula ser\u00e0 presentada i comentada pel jutge en exced\u00e8ncia i vicepresident del Govern, Juan Pedro Yllanes Su\u00e1rez i l&#8217;advocat Javier Fern\u00e1ndez Pineda.<\/p>\n","protected":false},"excerpt":{"rendered":"<p>La projecci\u00f3 de la pel\u00b7l\u00edcula &#8220;En el nombre del padre&#8221;,  [&#8230;]<\/p>\n","protected":false},"author":1,"featured_media":57791,"comment_status":"closed","ping_status":"closed","sticky":false,"template":"","format":"standard","meta":{"footnotes":""},"categories":[33],"tags":[],"class_list":["post-57778","post","type-post","status-publish","format-standard","has-post-thumbnail","hentry","category-noticies-icaib"],"_links":{"self":[{"href":"https:\/\/www.icaib.org\/ca\/wp-json\/wp\/v2\/posts\/57778","targetHints":{"allow":["GET"]}}],"collection":[{"href":"https:\/\/www.icaib.org\/ca\/wp-json\/wp\/v2\/posts"}],"about":[{"href":"https:\/\/www.icaib.org\/ca\/wp-json\/wp\/v2\/types\/post"}],"author":[{"embeddable":true,"href":"https:\/\/www.icaib.org\/ca\/wp-json\/wp\/v2\/users\/1"}],"replies":[{"embeddable":true,"href":"https:\/\/www.icaib.org\/ca\/wp-json\/wp\/v2\/comments?post=57778"}],"version-history":[{"count":0,"href":"https:\/\/www.icaib.org\/ca\/wp-json\/wp\/v2\/posts\/57778\/revisions"}],"wp:featuredmedia":[{"embeddable":true,"href":"https:\/\/www.icaib.org\/ca\/wp-json\/wp\/v2\/media\/57791"}],"wp:attachment":[{"href":"https:\/\/www.icaib.org\/ca\/wp-json\/wp\/v2\/media?parent=57778"}],"wp:term":[{"taxonomy":"category","embeddable":true,"href":"https:\/\/www.icaib.org\/ca\/wp-json\/wp\/v2\/categories?post=57778"},{"taxonomy":"post_tag","embeddable":true,"href":"https:\/\/www.icaib.org\/ca\/wp-json\/wp\/v2\/tags?post=57778"}],"curies":[{"name":"wp","href":"https:\/\/api.w.org\/{rel}","templated":true}]}}