{"id":59725,"date":"2020-01-21T10:34:33","date_gmt":"2020-01-21T09:34:33","guid":{"rendered":"https:\/\/www.icaib.org\/?p=59725"},"modified":"2020-01-21T10:37:37","modified_gmt":"2020-01-21T09:37:37","slug":"mallorca-avis-molt-important-sobre-tramitacio-dels-nie","status":"publish","type":"post","link":"https:\/\/www.icaib.org\/ca\/mallorca-avis-molt-important-sobre-tramitacio-dels-nie\/","title":{"rendered":"MALLORCA: Av\u00eds molt important sobre tramitaci\u00f3 dels NIE"},"content":{"rendered":"<p>Davant la comunicaci\u00f3 de la Prefectura Superior de Policia segons la qual a partir del mes de febrer tota les sol\u00b7licituds de NIE a Mallorca es faran mitjan\u00e7ant el sistema de cita pr\u00e8via previst per als particulars i no a l\u2019oficina en la qual s\u2019han tramitat fins ara aquests documents, s\u2019informa els col\u00b7legiats que vulguin fer noves sol\u00b7licituds a trav\u00e9s de l\u2019ICAIB que les presentin abans del dia 24 de gener, juntament amb l\u2019original del poder notarial, perqu\u00e8 el Col\u00b7legi pugui cursar-ne la tramitaci\u00f3.<\/p>\n<p>S\u2019informa, aix\u00ed mateix, que, at\u00e8s aquest canvi que preveu operar la Prefectura, a partir del 27 de gener de 2020 el Col\u00b7legi ja no tramitar\u00e0 noves sol\u00b7licituds, llevat que les gestions que est\u00e0 fent l\u2019ICAIB davant les institucions corresponents donin el resultat esperat i es pugui reprendre el servei al m\u00e9s aviat possible.<\/p>\n<p>L\u2019ICAIB informar\u00e0 els col\u00b7legiats per circular de qualsevol novetat que hi hagi sobre aquesta q\u00fcesti\u00f3.<\/p>\n","protected":false},"excerpt":{"rendered":"<p>Davant la comunicaci\u00f3 de la Prefectura Superior de Policia segons  [&#8230;]<\/p>\n","protected":false},"author":1,"featured_media":0,"comment_status":"closed","ping_status":"closed","sticky":false,"template":"","format":"standard","meta":{"footnotes":""},"categories":[33],"tags":[],"class_list":["post-59725","post","type-post","status-publish","format-standard","hentry","category-noticies-icaib"],"_links":{"self":[{"href":"https:\/\/www.icaib.org\/ca\/wp-json\/wp\/v2\/posts\/59725","targetHints":{"allow":["GET"]}}],"collection":[{"href":"https:\/\/www.icaib.org\/ca\/wp-json\/wp\/v2\/posts"}],"about":[{"href":"https:\/\/www.icaib.org\/ca\/wp-json\/wp\/v2\/types\/post"}],"author":[{"embeddable":true,"href":"https:\/\/www.icaib.org\/ca\/wp-json\/wp\/v2\/users\/1"}],"replies":[{"embeddable":true,"href":"https:\/\/www.icaib.org\/ca\/wp-json\/wp\/v2\/comments?post=59725"}],"version-history":[{"count":0,"href":"https:\/\/www.icaib.org\/ca\/wp-json\/wp\/v2\/posts\/59725\/revisions"}],"wp:attachment":[{"href":"https:\/\/www.icaib.org\/ca\/wp-json\/wp\/v2\/media?parent=59725"}],"wp:term":[{"taxonomy":"category","embeddable":true,"href":"https:\/\/www.icaib.org\/ca\/wp-json\/wp\/v2\/categories?post=59725"},{"taxonomy":"post_tag","embeddable":true,"href":"https:\/\/www.icaib.org\/ca\/wp-json\/wp\/v2\/tags?post=59725"}],"curies":[{"name":"wp","href":"https:\/\/api.w.org\/{rel}","templated":true}]}}