{"id":62897,"date":"2020-03-30T08:19:24","date_gmt":"2020-03-30T06:19:24","guid":{"rendered":"https:\/\/www.icaib.org\/?p=62897"},"modified":"2020-03-30T12:43:21","modified_gmt":"2020-03-30T10:43:21","slug":"rdl-10-2020-pel-qual-es-regula-un-permis-retribuit-recuperable-per-a-les-persones-treballadores-per-compte-alie-que-no-prestin-serveis-essencials","status":"publish","type":"post","link":"https:\/\/www.icaib.org\/ca\/rdl-10-2020-pel-qual-es-regula-un-permis-retribuit-recuperable-per-a-les-persones-treballadores-per-compte-alie-que-no-prestin-serveis-essencials\/","title":{"rendered":"RDL 10\/2020. Els advocats per compte propi i els que cobreixen funcions decretades com a essencials i serveis legals urgents, al marge de les noves limitacions"},"content":{"rendered":"<p><span lang=\"PT\">Adjuntem al final d&#8217;aquestes l\u00ednies el Reial Decret Llei 10\/2020 pel qual es regula el perm\u00eds retribu\u00eft recuperable per a les persones treballadores per compte d&#8217;altri que no prestin serveis essencials i l&#8217;informe elaborat pels serveis jur\u00eddics de l&#8217;advocacia espanyola sobre aquesta norma.<\/span><\/p>\n<p><span lang=\"PT\">Advocacia Espanyola remarca, tant al seu portal web <\/span><span lang=\"PT\">(<\/span><a href=\"https:\/\/www.abogacia.es\/actualidad\/noticias\/los-abogados-autonomos-quedan-al-margen-de-las-nuevas-limitaciones-asi-como-el-turno-de-oficio-y-los-servicios-legales-considerados-urgentes\/\"><span lang=\"PT\">https:\/\/www.abogacia.es\/actualidad\/noticias\/los-abogados-autonomos-quedan-al-margen-de-las-nuevas-limitaciones-asi-como-el-turno-de-oficio-y-los-servicios-legales-considerados-urgentes\/<\/span><\/a><span lang=\"PT\">) com en la nota jur\u00eddica que<\/span><span lang=\"PT\">, segons es despr\u00e8n del RDL, &#8220;tots els treballadors aut\u00f2noms queden al marge de les noves limitacions imposades pel Govern&#8221;, de manera que &#8220;els advocats i les advocades per compte propi que segueixin desenvolupant la seva activitat professional es podran seguir despla\u00e7ant al seu lloc de treball &#8220;, si volen. Tampoc no ser\u00e0 d&#8217;aplicaci\u00f3 per als professionals de l&#8217;advocacia que cobreixen els decretats com a serveis essencials i els que &#8220;desenvolupin la seva feina en serveis urgents (aquests darrers no relacionats en la norma), independentment de si s\u00f3n aut\u00f2noms o treballen per a un bufet&#8221;.<\/span><\/p>\n<p><span lang=\"PT\">Juntament amb ells i altres professionals al servei de la Just\u00edcia, el RDL detalla una \u00e0mplia llista de professionals les funcions dels quals tamb\u00e9 es consideren essencials i als que, per tant, no s&#8217;aplicar\u00e0 el perm\u00eds retribu\u00eft recuperable.<\/span><\/p>\n<p><span lang=\"ES\">En canvi, aquest perm\u00eds ser\u00e0 d&#8217;aplicaci\u00f3 obligat\u00f2ria a tot el personal laboral per compte ali\u00e8 de les empreses i entitats p\u00fabliques o privades que no desenvolupen activitats relacionades com a essencials,excepte si treballen per a empreses que hagin sol\u00b7licitat o estiguin aplicant un ERTO o en aquelles a les quals se&#8217;ls autoritzi una regulaci\u00f3 temporal d&#8217;ocupaci\u00f3 de suspensi\u00f3 durant la vig\u00e8ncia del perm\u00eds.<\/span><\/p>\n<p><span lang=\"ES\">\u00a0<\/span><\/p>\n<p><span lang=\"ES\">S&#8217;exceptua tamb\u00e9 als treballadors que puguin seguir exercint la seva activitat mitjan\u00e7ant el teletreball; als que prestin serveis en els sectors essencials i en les divisions o l\u00ednies de producci\u00f3n l\u2019activitat dels quals es correspongui amb aquests; i als que estiguin de baixa per incapacitat temporal o tenguin el seu contracte susp\u00e8s per altres causes legalment previstes.<\/span><\/p>\n<p><span lang=\"ES\">\u00a0<\/span><\/p>\n<p><span lang=\"ES\">El perm\u00eds retribu\u00eft s&#8217;estendr\u00e0 des del dia 30 de mar\u00e7 a el 9 d&#8217;abril, ambd\u00f3s inclosos, si b\u00e9, en els sup\u00f2sits en qu\u00e8 no sigui possible una interrupci\u00f3 immediata de l&#8217;activitat, els treballadors podran anar a treballar dilluns 30 nom\u00e9s per dur a terme &#8220;les tasques imprescindibles per poder fer efectiu el perm\u00eds sense perjudicar de manera irremediable o desproporcionada la represa de l&#8217;activitat empresarial&#8221;.<\/span><\/p>\n<p><span lang=\"ES\">\u00a0<\/span><\/p>\n<p><span lang=\"ES\">A m\u00e9s, la disposici\u00f3 transit\u00f2ria primera del RDL estableix que les empreses que hagin d&#8217;aplicar aquest perm\u00eds retribu\u00eft podran, en cas de ser necessari, establir un nombre m\u00ednim de plantilla o els torns de treball estrictament imprescindibles per tal de mantenir l&#8217;activitat indispensable.<\/span><\/p>\n<p><span lang=\"ES\">\u00a0<\/span><\/p>\n<a href='https:\/\/www.icaib.org\/wp-content\/uploads\/2020\/03\/BOE-A-2020-4166.pdf' target='_blank'>\n                <i class='fas fa-link'><\/i> \n                <strong>PROGRAMA<\/strong>\n            <\/a><br\/>\n<p><span lang=\"ES\"><a href='https:\/\/www.icaib.org\/wp-content\/uploads\/2020\/03\/Nota-sobre-el-Real-Decreto-ley-10-2020.pdf' target='_blank'>\n                <i class='fas fa-link'><\/i> \n                <strong>Nota dels serveis jur\u00eddics del CGAE<\/strong>\n            <\/a><br\/><\/span><\/p>\n<p>&nbsp;<\/p>\n","protected":false},"excerpt":{"rendered":"<p>Adjuntem al final d&#8217;aquestes l\u00ednies el Reial Decret Llei 10\/2020  [&#8230;]<\/p>\n","protected":false},"author":1,"featured_media":0,"comment_status":"closed","ping_status":"closed","sticky":false,"template":"","format":"standard","meta":{"footnotes":""},"categories":[33],"tags":[100],"class_list":["post-62897","post","type-post","status-publish","format-standard","hentry","category-noticies-icaib","tag-covid-acuerdos-fiscales-ca"],"_links":{"self":[{"href":"https:\/\/www.icaib.org\/ca\/wp-json\/wp\/v2\/posts\/62897","targetHints":{"allow":["GET"]}}],"collection":[{"href":"https:\/\/www.icaib.org\/ca\/wp-json\/wp\/v2\/posts"}],"about":[{"href":"https:\/\/www.icaib.org\/ca\/wp-json\/wp\/v2\/types\/post"}],"author":[{"embeddable":true,"href":"https:\/\/www.icaib.org\/ca\/wp-json\/wp\/v2\/users\/1"}],"replies":[{"embeddable":true,"href":"https:\/\/www.icaib.org\/ca\/wp-json\/wp\/v2\/comments?post=62897"}],"version-history":[{"count":0,"href":"https:\/\/www.icaib.org\/ca\/wp-json\/wp\/v2\/posts\/62897\/revisions"}],"wp:attachment":[{"href":"https:\/\/www.icaib.org\/ca\/wp-json\/wp\/v2\/media?parent=62897"}],"wp:term":[{"taxonomy":"category","embeddable":true,"href":"https:\/\/www.icaib.org\/ca\/wp-json\/wp\/v2\/categories?post=62897"},{"taxonomy":"post_tag","embeddable":true,"href":"https:\/\/www.icaib.org\/ca\/wp-json\/wp\/v2\/tags?post=62897"}],"curies":[{"name":"wp","href":"https:\/\/api.w.org\/{rel}","templated":true}]}}