{"id":63712,"date":"2020-04-27T09:57:06","date_gmt":"2020-04-27T07:57:06","guid":{"rendered":"https:\/\/www.icaib.org\/?p=63712"},"modified":"2020-04-27T11:07:04","modified_gmt":"2020-04-27T09:07:04","slug":"to-i-ald-enviaments-per-correu-electronic-dels-justificants-de-les-assistencies","status":"publish","type":"post","link":"https:\/\/www.icaib.org\/ca\/to-i-ald-enviaments-per-correu-electronic-dels-justificants-de-les-assistencies\/","title":{"rendered":"TO i ALD. Enviaments per correu electr\u00f2nic de sol\u00b7licituds de just\u00edcia gratu\u00efta i dels justificants de les assist\u00e8ncies"},"content":{"rendered":"<p>Recordam als lletrats del servei del torn d\u2019ofici que poden presentar tant les sol\u00b7licituds de just\u00edcia gratu\u00efta com els justificants de les assist\u00e8ncies per correu electr\u00f2nic (concretament en l\u2019adre\u00e7a que correpongui de les indicades al final d\u2019aquest text), motiu pel qual, si s\u2019opta per aquesta via no \u00e9s necessari que presentin els originals a les oficines de l\u2019ICAIB.<\/p>\n<p>Aix\u00ed mateix, recordem que, a petici\u00f3 de l&#8217;ICAIB, les comissions d&#8217;assist\u00e8ncia jur\u00eddica gratu\u00efta de tots els partits judicials de les Illes admeten que les sol\u00b7licituds de just\u00edcia gratu\u00efta es presentin sense la signatura de l&#8217;interessat, si b\u00e9, en l&#8217;apartat reservat per a la signatura de la persona sol\u00b7licitant s&#8217;haur\u00e0 d&#8217;indicar &#8220;IMPOSIBILIDAD POR ESTADO DE ALARMA\u201d..<\/p>\n<p>A m\u00e9s, i atesa la recomanaci\u00f3 que les assist\u00e8ncies es facin telef\u00f2nicament o per via telem\u00e0tica, els fulls de l&#8217;assist\u00e8ncia seran admeses sense el segell de la depend\u00e8ncia policial concreta, sent important en aquest cas especificar en el document el n\u00famero de l\u2019av\u00eds de la centraleta.<\/p>\n<p>Els correus per enviar les assist\u00e8ncies efectuades i les corresponents sol\u00b7licituds de just\u00edcia gratu\u00efta s\u00f3n:<\/p>\n<p><a href=\"mailto:eivissa@icaib.org\" target=\"_blank\" rel=\"noopener noreferrer\">eivissa@icaib.org<\/a><\/p>\n<p><a href=\"mailto:inca@icaib.org\" target=\"_blank\" rel=\"noopener noreferrer\">inca@icaib.org<\/a><\/p>\n<p><a href=\"mailto:manacor@icaib.org\" target=\"_blank\" rel=\"noopener noreferrer\">manacor@icaib.org<\/a><\/p>\n<p><a href=\"mailto:menorca@icaib.org\" target=\"_blank\" rel=\"noopener noreferrer\">menorca@icaib.org<\/a><\/p>\n<p><a href=\"mailto:turnodeoficio@icaib.org\" target=\"_blank\" rel=\"noopener noreferrer\">turnodeoficio@icaib.org<\/a><\/p>\n","protected":false},"excerpt":{"rendered":"<p>Recordam als lletrats del servei del torn d\u2019ofici que poden  [&#8230;]<\/p>\n","protected":false},"author":1,"featured_media":0,"comment_status":"closed","ping_status":"closed","sticky":false,"template":"","format":"standard","meta":{"footnotes":""},"categories":[43],"tags":[],"class_list":["post-63712","post","type-post","status-publish","format-standard","hentry","category-noticies-torn-ofici"],"_links":{"self":[{"href":"https:\/\/www.icaib.org\/ca\/wp-json\/wp\/v2\/posts\/63712","targetHints":{"allow":["GET"]}}],"collection":[{"href":"https:\/\/www.icaib.org\/ca\/wp-json\/wp\/v2\/posts"}],"about":[{"href":"https:\/\/www.icaib.org\/ca\/wp-json\/wp\/v2\/types\/post"}],"author":[{"embeddable":true,"href":"https:\/\/www.icaib.org\/ca\/wp-json\/wp\/v2\/users\/1"}],"replies":[{"embeddable":true,"href":"https:\/\/www.icaib.org\/ca\/wp-json\/wp\/v2\/comments?post=63712"}],"version-history":[{"count":0,"href":"https:\/\/www.icaib.org\/ca\/wp-json\/wp\/v2\/posts\/63712\/revisions"}],"wp:attachment":[{"href":"https:\/\/www.icaib.org\/ca\/wp-json\/wp\/v2\/media?parent=63712"}],"wp:term":[{"taxonomy":"category","embeddable":true,"href":"https:\/\/www.icaib.org\/ca\/wp-json\/wp\/v2\/categories?post=63712"},{"taxonomy":"post_tag","embeddable":true,"href":"https:\/\/www.icaib.org\/ca\/wp-json\/wp\/v2\/tags?post=63712"}],"curies":[{"name":"wp","href":"https:\/\/api.w.org\/{rel}","templated":true}]}}