{"id":66340,"date":"2020-06-22T11:11:52","date_gmt":"2020-06-22T09:11:52","guid":{"rendered":"https:\/\/www.icaib.org\/?p=66340"},"modified":"2020-06-22T11:11:52","modified_gmt":"2020-06-22T09:11:52","slug":"reconeixement-de-ladvocacia-espanyola-a-professionals-que-enguany-compleixen-25-anys-al-torn-dofici-autoritzacio-per-a-us-dimatge","status":"publish","type":"post","link":"https:\/\/www.icaib.org\/ca\/reconeixement-de-ladvocacia-espanyola-a-professionals-que-enguany-compleixen-25-anys-al-torn-dofici-autoritzacio-per-a-us-dimatge\/","title":{"rendered":"Reconeixement de l&#8217;Advocacia Espanyola a professionals que enguany compleixen 25 anys al torn d&#8217;ofici (autoritzaci\u00f3 per a \u00fas d&#8217;imatge)"},"content":{"rendered":"<p>Els informam que, en el marc dels actes commemoratius del Dia de la Just\u00edcia Gratu\u00efta, que se celebra el pr\u00f2xim 12 de juliol, el Consell General de l&#8217;Advocacia Espanyola prepara una campanya de reconeixement a l&#8217;advocacia del Torn d&#8217;Ofici per a la seva difusi\u00f3 en xarxes socials.<\/p>\n<p>Dins d&#8217;aquesta campanya, proposen la realitzaci\u00f3 d&#8217;un mural amb les fotografies dels lletrats i les lletrades que <strong>en aquest any 2020 compleixen 25 anys de servei ininterromput en el Torn d&#8217;Ofici<\/strong>.<\/p>\n<p>Per aquest motiu, i sempre, \u00e9s clar, que els col\u00b7legiats que es trobin en aquesta situaci\u00f3 (\u00e9s a dir, aquells que es <strong>varen donar d\u2019alta en el torn a l\u2019any 1995<\/strong>), no tinguin inconvenient, sol\u00b7liciten que ens remetin una fotografia, autoritzant amb aix\u00f2 la difusi\u00f3 dins del mural a trav\u00e9s de les xarxes socials. Per aix\u00f2, es prega als col\u00b7legiats que engunay compleixin les seves noces de plata al Torn i que estiguin interessats en aquesta iniciativa, que envi\u00efn, <strong>ABANS DEL 26 DE JUNY<\/strong>, a l&#8217;adre\u00e7a electr\u00f2nica <a href=\"mailto:comunicacio@icaib.org\">comunicacio@icaib.org<\/a> una fotografia amb els seg\u00fcents requisits:<\/p>\n<p>&#8211; Foto retrat o pla mitj\u00e0<br \/>\n\u00b7 Orientaci\u00f3 horitzontal<br \/>\n\u00b7 Fons neutre o blanc<br \/>\n\u00b7 Pes m\u00ednim: 1 Mg<br \/>\n\u00b7 Format: .png o .jpg<\/p>\n","protected":false},"excerpt":{"rendered":"<p>Els informam que, en el marc dels actes commemoratius del  [&#8230;]<\/p>\n","protected":false},"author":1,"featured_media":0,"comment_status":"closed","ping_status":"closed","sticky":false,"template":"","format":"standard","meta":{"footnotes":""},"categories":[43],"tags":[],"class_list":["post-66340","post","type-post","status-publish","format-standard","hentry","category-noticies-torn-ofici"],"_links":{"self":[{"href":"https:\/\/www.icaib.org\/ca\/wp-json\/wp\/v2\/posts\/66340","targetHints":{"allow":["GET"]}}],"collection":[{"href":"https:\/\/www.icaib.org\/ca\/wp-json\/wp\/v2\/posts"}],"about":[{"href":"https:\/\/www.icaib.org\/ca\/wp-json\/wp\/v2\/types\/post"}],"author":[{"embeddable":true,"href":"https:\/\/www.icaib.org\/ca\/wp-json\/wp\/v2\/users\/1"}],"replies":[{"embeddable":true,"href":"https:\/\/www.icaib.org\/ca\/wp-json\/wp\/v2\/comments?post=66340"}],"version-history":[{"count":0,"href":"https:\/\/www.icaib.org\/ca\/wp-json\/wp\/v2\/posts\/66340\/revisions"}],"wp:attachment":[{"href":"https:\/\/www.icaib.org\/ca\/wp-json\/wp\/v2\/media?parent=66340"}],"wp:term":[{"taxonomy":"category","embeddable":true,"href":"https:\/\/www.icaib.org\/ca\/wp-json\/wp\/v2\/categories?post=66340"},{"taxonomy":"post_tag","embeddable":true,"href":"https:\/\/www.icaib.org\/ca\/wp-json\/wp\/v2\/tags?post=66340"}],"curies":[{"name":"wp","href":"https:\/\/api.w.org\/{rel}","templated":true}]}}