{"id":67733,"date":"2020-07-23T14:06:25","date_gmt":"2020-07-23T12:06:25","guid":{"rendered":"https:\/\/www.icaib.org\/?p=67733"},"modified":"2020-07-23T14:06:25","modified_gmt":"2020-07-23T12:06:25","slug":"assistencia-a-detinguts-i-dispensa-temporal-de-la-signatura-del-justiciable-en-les-sol%c2%b7licituds-de-justicia-gratuita","status":"publish","type":"post","link":"https:\/\/www.icaib.org\/ca\/assistencia-a-detinguts-i-dispensa-temporal-de-la-signatura-del-justiciable-en-les-sol%c2%b7licituds-de-justicia-gratuita\/","title":{"rendered":"Assist\u00e8ncia a detinguts i dispensa temporal de la signatura del justiciable en les sol\u00b7licituds de just\u00edcia gratu\u00efta"},"content":{"rendered":"<p>En atenci\u00f3 a les gestions dutes a terme per l&#8217;ICAIB davant les comissions d&#8217;assist\u00e8ncia jur\u00eddica gratu\u00efta, i at\u00e8s a all\u00f2 que disposa l&#8217;article 19.1 del RDL 16\/20, que atorga prefer\u00e8ncia als actes judicials telem\u00e0tics, s&#8217;informa que, llevat dels casos legalment establerts i \/ d\u2019aquells altres de car\u00e0cter imprevist o que no sigui possible t\u00e8cnicament, fins al 21 de setembre les assist\u00e8ncies a les persones detingudes en els jutjats i tribunals es faran, preferentment, per videoconfer\u00e8ncia, tal com s&#8217;ha vingut fent durant l&#8217;estat de alarma.<\/p>\n<p>Per aquest motiu, i fins a aquesta data (21 de setembre), la recollida de la signatura del justiciable en la sol\u00b7licitud de just\u00edcia gratu\u00efta continuar\u00e0 dispensada, sent suficient l&#8217;emissi\u00f3 de certificat per part del LAJ o b\u00e9 deixant en la declaraci\u00f3 const\u00e0ncia expressa de l&#8217;autoritzaci\u00f3 de l&#8217;usuari per cursar la sol\u00b7licitud de JG i, especialment, de la seva autoritzaci\u00f3 per a recaptar totes les dades que s\u00f3n necessaris per a tramitar-la.<\/p>\n<p>Pel que fa a les assist\u00e8ncies al detingut en seu policial, s&#8217;informa que els agents contactaran amb el lletrat d&#8217;ofici i s&#8217;oferir\u00e0 un primer contacte telef\u00f2nic amb el detingut. Si aquest, aconsellat pel lletrat, no t\u00e9 previst declarar en seu policial, el lletrat podr\u00e0 optar per fer l&#8217;assist\u00e8ncia telef\u00f2nica o presencial i informar\u00e0 els agents policials del format triat. En canvi, si la persona detinguda opta per declarar, l&#8217;assist\u00e8ncia haur\u00e0 de ser presencial.<\/p>\n","protected":false},"excerpt":{"rendered":"<p>En atenci\u00f3 a les gestions dutes a terme per l&#8217;ICAIB  [&#8230;]<\/p>\n","protected":false},"author":1,"featured_media":0,"comment_status":"closed","ping_status":"closed","sticky":false,"template":"","format":"standard","meta":{"footnotes":""},"categories":[43],"tags":[],"class_list":["post-67733","post","type-post","status-publish","format-standard","hentry","category-noticies-torn-ofici"],"_links":{"self":[{"href":"https:\/\/www.icaib.org\/ca\/wp-json\/wp\/v2\/posts\/67733","targetHints":{"allow":["GET"]}}],"collection":[{"href":"https:\/\/www.icaib.org\/ca\/wp-json\/wp\/v2\/posts"}],"about":[{"href":"https:\/\/www.icaib.org\/ca\/wp-json\/wp\/v2\/types\/post"}],"author":[{"embeddable":true,"href":"https:\/\/www.icaib.org\/ca\/wp-json\/wp\/v2\/users\/1"}],"replies":[{"embeddable":true,"href":"https:\/\/www.icaib.org\/ca\/wp-json\/wp\/v2\/comments?post=67733"}],"version-history":[{"count":0,"href":"https:\/\/www.icaib.org\/ca\/wp-json\/wp\/v2\/posts\/67733\/revisions"}],"wp:attachment":[{"href":"https:\/\/www.icaib.org\/ca\/wp-json\/wp\/v2\/media?parent=67733"}],"wp:term":[{"taxonomy":"category","embeddable":true,"href":"https:\/\/www.icaib.org\/ca\/wp-json\/wp\/v2\/categories?post=67733"},{"taxonomy":"post_tag","embeddable":true,"href":"https:\/\/www.icaib.org\/ca\/wp-json\/wp\/v2\/tags?post=67733"}],"curies":[{"name":"wp","href":"https:\/\/api.w.org\/{rel}","templated":true}]}}