{"id":68080,"date":"2020-07-31T13:18:35","date_gmt":"2020-07-31T11:18:35","guid":{"rendered":"https:\/\/www.icaib.org\/?p=68080"},"modified":"2020-07-31T13:18:35","modified_gmt":"2020-07-31T11:18:35","slug":"la-nova-justicia-a-analisi-en-el-numero-126-de-misser","status":"publish","type":"post","link":"https:\/\/www.icaib.org\/ca\/la-nova-justicia-a-analisi-en-el-numero-126-de-misser\/","title":{"rendered":"La nova Just\u00edcia, a an\u00e0lisi en el n\u00famero 126 de Miss\u00e8r"},"content":{"rendered":"<p>Definitivament, la COVID-19 ha dibuixat un nou escenari per a la Just\u00edcia. Juntament amb els nous elements &#8216;decoratius&#8217; a les vistes presencials, s&#8217;ha creat tamb\u00e9 una nova lit\u00fargia: la dels judicis telem\u00e0tics, una realitat que s&#8217;est\u00e0 imposant a cavall entre l&#8217;\u00e8xit i la improvisaci\u00f3. En Miss\u00e8r analitzem amb diversos juristes quins s\u00f3n els avantatges de la just\u00edcia en l\u00ednia i quins, com no ?, els seus inconvenients.<\/p>\n<p>La judicialitzaci\u00f3 de la pand\u00e8mia, els factors de risc de la viol\u00e8ncia de g\u00e8nere, la situaci\u00f3 dels despla\u00e7ats a l\u2019any 2019, les noves iniciatives en mediaci\u00f3, o la decisi\u00f3 de la Junta de Govern de concedir dos dels seus premis anuals, el d&#8217;\u00c8tica Jur\u00eddica i el d&#8217;Igualtat, a Tom\u00e1s Mir de la Fuente i Maria Eugenia Gay Rosell centren tamb\u00e9 part dels reportatges i not\u00edcies del nou n\u00famero de la revista col\u00b7legial.<\/p>\n<p>Ens fem ress\u00f2 tamb\u00e9 de la peculiar celebraci\u00f3, enguany, del Dia de la Just\u00edcia Gratu\u00efta i de l&#8217;enquesta de l&#8217;Advocacia Espanyola que revela la satisfacci\u00f3 de la ciutadania amb la feina dels professionals que integren el torn d&#8217;ofici.<\/p>\n<p>Finalment, cal indicar que en la secci\u00f3 d&#8217;Opini\u00f3, el lletrat Mart\u00ed Bonet Port aporta la seva visi\u00f3 cr\u00edtica sobre recent normativa de Govern balear en mat\u00e8ria urban\u00edstica i de protecci\u00f3 territorial. <\/p>\n<a href='https:\/\/www.icaib.org\/wp-content\/uploads\/2020\/07\/misser126-web.pdf' target='_blank'>\n                <i class='fas fa-link'><\/i> \n                <strong>Miss\u00e8r 126<\/strong>\n            <\/a><br\/>\n","protected":false},"excerpt":{"rendered":"<p>Definitivament, la COVID-19 ha dibuixat un nou escenari per a  [&#8230;]<\/p>\n","protected":false},"author":1,"featured_media":0,"comment_status":"closed","ping_status":"closed","sticky":false,"template":"","format":"standard","meta":{"footnotes":""},"categories":[33],"tags":[],"class_list":["post-68080","post","type-post","status-publish","format-standard","hentry","category-noticies-icaib"],"_links":{"self":[{"href":"https:\/\/www.icaib.org\/ca\/wp-json\/wp\/v2\/posts\/68080","targetHints":{"allow":["GET"]}}],"collection":[{"href":"https:\/\/www.icaib.org\/ca\/wp-json\/wp\/v2\/posts"}],"about":[{"href":"https:\/\/www.icaib.org\/ca\/wp-json\/wp\/v2\/types\/post"}],"author":[{"embeddable":true,"href":"https:\/\/www.icaib.org\/ca\/wp-json\/wp\/v2\/users\/1"}],"replies":[{"embeddable":true,"href":"https:\/\/www.icaib.org\/ca\/wp-json\/wp\/v2\/comments?post=68080"}],"version-history":[{"count":0,"href":"https:\/\/www.icaib.org\/ca\/wp-json\/wp\/v2\/posts\/68080\/revisions"}],"wp:attachment":[{"href":"https:\/\/www.icaib.org\/ca\/wp-json\/wp\/v2\/media?parent=68080"}],"wp:term":[{"taxonomy":"category","embeddable":true,"href":"https:\/\/www.icaib.org\/ca\/wp-json\/wp\/v2\/categories?post=68080"},{"taxonomy":"post_tag","embeddable":true,"href":"https:\/\/www.icaib.org\/ca\/wp-json\/wp\/v2\/tags?post=68080"}],"curies":[{"name":"wp","href":"https:\/\/api.w.org\/{rel}","templated":true}]}}