{"id":69523,"date":"2020-09-10T13:34:09","date_gmt":"2020-09-10T11:34:09","guid":{"rendered":"https:\/\/www.icaib.org\/?p=69523"},"modified":"2020-09-10T13:34:09","modified_gmt":"2020-09-10T11:34:09","slug":"magdalena-miralles-alemany-i-juan-camacho-pena-guanyen-el-5e-concurs-de-relats-breus-en-llengua-catalana","status":"publish","type":"post","link":"https:\/\/www.icaib.org\/ca\/magdalena-miralles-alemany-i-juan-camacho-pena-guanyen-el-5e-concurs-de-relats-breus-en-llengua-catalana\/","title":{"rendered":"Magdalena Miralles Alemany i Juan Camacho Pe\u00f1a guanyen el 5\u00e8 concurs de relats breus en llengua catalana"},"content":{"rendered":"<p>La senyora Magdalena Miralles Alemany i el senyor Juan Camacho Pe\u00f1a, tots dos col\u00b7legiats de l\u2019ICAIB, han resultat guanyadors, respectivament, del primer i segon premi de la quarta edici\u00f3 del Concurs de Relats Breus en llengua catalana convocat per l\u2019ICAIB.<\/p>\n<p>El Jurat del certamen, integrat per Miguel Albert\u00ed, membre de la Junta de Govern i president de la Comissi\u00f3 de Normalitzaci\u00f3 Ling\u00fc\u00edstica de l\u2019ICAIB; Iv\u00e1n Bellod, president de l\u2019Associaci\u00f3 de Joves Advocats de les Illes Balears; Eva Cardona, tamb\u00e9 membre de la Junta de Govern; i Josep Maria Quintana, acad\u00e8mic de la Reial Acad\u00e8mia de Jurisprud\u00e8ncia i Legislaci\u00f3 de les Illes Balears, ha optat, entre tots els relats presentats, per atorgar el primer premi, dotat amb 800 euros, al relat \u201cI un be negre!\u201d, i el segon, de 400 euros, a la proposta \u201cTangram\u201d.<\/p>\n<p>L\u2019ICAIB felicita als guanyadors i expressa el seu agra\u00efment a tots els participants en aquesta edici\u00f3.<\/p>\n<a href='https:\/\/www.icaib.org\/wp-content\/uploads\/2020\/09\/1er-I-un-be-negre.pdf' target='_blank'>\n                <i class='fas fa-link'><\/i> \n                <strong>I un be negre<\/strong>\n            <\/a><br\/>\n<a href='https:\/\/www.icaib.org\/wp-content\/uploads\/2020\/09\/2n-premi-Tangram.pdf' target='_blank'>\n                <i class='fas fa-link'><\/i> \n                <strong>Tangram<\/strong>\n            <\/a><br\/>\n","protected":false},"excerpt":{"rendered":"<p>La senyora Magdalena Miralles Alemany i el senyor Juan Camacho  [&#8230;]<\/p>\n","protected":false},"author":1,"featured_media":0,"comment_status":"closed","ping_status":"closed","sticky":false,"template":"","format":"standard","meta":{"footnotes":""},"categories":[33],"tags":[],"class_list":["post-69523","post","type-post","status-publish","format-standard","hentry","category-noticies-icaib"],"_links":{"self":[{"href":"https:\/\/www.icaib.org\/ca\/wp-json\/wp\/v2\/posts\/69523","targetHints":{"allow":["GET"]}}],"collection":[{"href":"https:\/\/www.icaib.org\/ca\/wp-json\/wp\/v2\/posts"}],"about":[{"href":"https:\/\/www.icaib.org\/ca\/wp-json\/wp\/v2\/types\/post"}],"author":[{"embeddable":true,"href":"https:\/\/www.icaib.org\/ca\/wp-json\/wp\/v2\/users\/1"}],"replies":[{"embeddable":true,"href":"https:\/\/www.icaib.org\/ca\/wp-json\/wp\/v2\/comments?post=69523"}],"version-history":[{"count":0,"href":"https:\/\/www.icaib.org\/ca\/wp-json\/wp\/v2\/posts\/69523\/revisions"}],"wp:attachment":[{"href":"https:\/\/www.icaib.org\/ca\/wp-json\/wp\/v2\/media?parent=69523"}],"wp:term":[{"taxonomy":"category","embeddable":true,"href":"https:\/\/www.icaib.org\/ca\/wp-json\/wp\/v2\/categories?post=69523"},{"taxonomy":"post_tag","embeddable":true,"href":"https:\/\/www.icaib.org\/ca\/wp-json\/wp\/v2\/tags?post=69523"}],"curies":[{"name":"wp","href":"https:\/\/api.w.org\/{rel}","templated":true}]}}