{"id":70017,"date":"2020-09-21T10:33:22","date_gmt":"2020-09-21T08:33:22","guid":{"rendered":"https:\/\/www.icaib.org\/?p=70017"},"modified":"2020-09-21T10:33:22","modified_gmt":"2020-09-21T08:33:22","slug":"convocada-la-segona-prova-dacces-a-la-professio-de-ladvocacia","status":"publish","type":"post","link":"https:\/\/www.icaib.org\/ca\/convocada-la-segona-prova-dacces-a-la-professio-de-ladvocacia\/","title":{"rendered":"Convocada la segona prova d&#8217;acc\u00e9s a la professi\u00f3 de l&#8217;advocacia"},"content":{"rendered":"<p>Informem que s\u2019ha convocat la segona prova d&#8217;avaluaci\u00f3 de l&#8217;aptitud professional per a l&#8217;exercici de l&#8217;advocacia que se celebrar\u00e0 de forma online de manera s\u00edncrona a trav\u00e9s de la plataforma AVEX de la UNED.<\/p>\n<p>L&#8217;avaluaci\u00f3 consistir\u00e0 en una prova escrita objectiva de contingut te\u00f2ric i pr\u00e0ctic amb contestacions o respostes m\u00faltiples i tindr\u00e0 una durada de 3 hores. Els dispositius dels alumnes han d&#8217;estar dotats, a m\u00e9s de connexi\u00f3 a Internet, de webcam, que haur\u00e0 d&#8217;estar activa durant tot el temps que romanguin connectats a la plataforma per a la realitzaci\u00f3 de l&#8217;examen.<\/p>\n<p>La sol\u00b7licitud d&#8217;inscripci\u00f3 s&#8217;ha de presentar de forma telem\u00e0tica a trav\u00e9s de la seu electr\u00f2nica del Ministeri de Just\u00edcia (https:\/\/sede.mjusticia.gob.es), utilitzant Cl@ve com a sistema d&#8217;identificaci\u00f3 electr\u00f2nica per part dels aspirants. El termini de presentaci\u00f3 de sol\u00b7licituds d&#8217;inscripci\u00f3 en l&#8217;avaluaci\u00f3 ser\u00e0 de quinze dies h\u00e0bils, comptats a partir de l&#8217;endem\u00e0 del dia 19 de setembre, data de publicaci\u00f3 d&#8217;aquesta convocat\u00f2ria al BOE.<\/p>\n<a href='https:\/\/www.icaib.org\/wp-content\/uploads\/2020\/09\/BOE-A-2020-109371.pdf' target='_blank'>\n                <i class='fas fa-link'><\/i> \n                <strong>BOE convocatoria<\/strong>\n            <\/a><br\/>\n","protected":false},"excerpt":{"rendered":"<p>Informem que s\u2019ha convocat la segona prova d&#8217;avaluaci\u00f3 de l&#8217;aptitud  [&#8230;]<\/p>\n","protected":false},"author":1,"featured_media":0,"comment_status":"closed","ping_status":"closed","sticky":false,"template":"","format":"standard","meta":{"footnotes":""},"categories":[33],"tags":[],"class_list":["post-70017","post","type-post","status-publish","format-standard","hentry","category-noticies-icaib"],"_links":{"self":[{"href":"https:\/\/www.icaib.org\/ca\/wp-json\/wp\/v2\/posts\/70017","targetHints":{"allow":["GET"]}}],"collection":[{"href":"https:\/\/www.icaib.org\/ca\/wp-json\/wp\/v2\/posts"}],"about":[{"href":"https:\/\/www.icaib.org\/ca\/wp-json\/wp\/v2\/types\/post"}],"author":[{"embeddable":true,"href":"https:\/\/www.icaib.org\/ca\/wp-json\/wp\/v2\/users\/1"}],"replies":[{"embeddable":true,"href":"https:\/\/www.icaib.org\/ca\/wp-json\/wp\/v2\/comments?post=70017"}],"version-history":[{"count":0,"href":"https:\/\/www.icaib.org\/ca\/wp-json\/wp\/v2\/posts\/70017\/revisions"}],"wp:attachment":[{"href":"https:\/\/www.icaib.org\/ca\/wp-json\/wp\/v2\/media?parent=70017"}],"wp:term":[{"taxonomy":"category","embeddable":true,"href":"https:\/\/www.icaib.org\/ca\/wp-json\/wp\/v2\/categories?post=70017"},{"taxonomy":"post_tag","embeddable":true,"href":"https:\/\/www.icaib.org\/ca\/wp-json\/wp\/v2\/tags?post=70017"}],"curies":[{"name":"wp","href":"https:\/\/api.w.org\/{rel}","templated":true}]}}