{"id":72070,"date":"2020-10-27T12:27:22","date_gmt":"2020-10-27T11:27:22","guid":{"rendered":"https:\/\/www.icaib.org\/?p=72070"},"modified":"2020-10-27T12:27:22","modified_gmt":"2020-10-27T11:27:22","slug":"enquesta-de-ladvocacia-espanyolasobre-els-problemes-meshabituals-de-ladvocacia-durant-la-pandemia-ipropostes-i-suggeriments-dels-col%c2%b7legiats","status":"publish","type":"post","link":"https:\/\/www.icaib.org\/ca\/enquesta-de-ladvocacia-espanyolasobre-els-problemes-meshabituals-de-ladvocacia-durant-la-pandemia-ipropostes-i-suggeriments-dels-col%c2%b7legiats\/","title":{"rendered":"Enquesta de l&#8217;Advocacia Espanyolasobre els problemes m\u00e9shabituals de l&#8217;advocacia durant la pand\u00e8mia ipropostes i suggeriments dels col\u00b7legiats"},"content":{"rendered":"<p>El Consell General de l&#8217;Advocacia Espanyola sol\u00b7licitala participaci\u00f3 dels col\u00b7legiats i les col\u00b7legiades en l&#8217;enquesta en l\u00ednia que haelaborat per tal d&#8217;identificari abordar els principalsproblemes que estan trobant els lletrats com a conseq\u00fc\u00e8ncia de la pand\u00e8mia i, sobretot, per con\u00e8ixer els suggeriments i les propostes de soluci\u00f3 que puguin fer els col\u00b7legiatsper contribuir, amb aix\u00f2, a &#8220;posar en marxainiciatives per ajudar-vos en el vostre exercici professional en aquests moments tan dif\u00edcils&#8221;.<\/p>\n<p>El q\u00fcestionari es pot contestara l&#8217;enlla\u00e7: <a href=\"http:\/\/abgcia.es\/covid\" target=\"_blank\" rel=\"noopener noreferrer\">http:\/\/abgcia.es\/covid<\/a><\/p>\n","protected":false},"excerpt":{"rendered":"<p>El Consell General de l&#8217;Advocacia Espanyola sol\u00b7licitala participaci\u00f3 dels col\u00b7legiats  [&#8230;]<\/p>\n","protected":false},"author":1,"featured_media":0,"comment_status":"closed","ping_status":"closed","sticky":false,"template":"","format":"standard","meta":{"footnotes":""},"categories":[33],"tags":[],"class_list":["post-72070","post","type-post","status-publish","format-standard","hentry","category-noticies-icaib"],"_links":{"self":[{"href":"https:\/\/www.icaib.org\/ca\/wp-json\/wp\/v2\/posts\/72070","targetHints":{"allow":["GET"]}}],"collection":[{"href":"https:\/\/www.icaib.org\/ca\/wp-json\/wp\/v2\/posts"}],"about":[{"href":"https:\/\/www.icaib.org\/ca\/wp-json\/wp\/v2\/types\/post"}],"author":[{"embeddable":true,"href":"https:\/\/www.icaib.org\/ca\/wp-json\/wp\/v2\/users\/1"}],"replies":[{"embeddable":true,"href":"https:\/\/www.icaib.org\/ca\/wp-json\/wp\/v2\/comments?post=72070"}],"version-history":[{"count":0,"href":"https:\/\/www.icaib.org\/ca\/wp-json\/wp\/v2\/posts\/72070\/revisions"}],"wp:attachment":[{"href":"https:\/\/www.icaib.org\/ca\/wp-json\/wp\/v2\/media?parent=72070"}],"wp:term":[{"taxonomy":"category","embeddable":true,"href":"https:\/\/www.icaib.org\/ca\/wp-json\/wp\/v2\/categories?post=72070"},{"taxonomy":"post_tag","embeddable":true,"href":"https:\/\/www.icaib.org\/ca\/wp-json\/wp\/v2\/tags?post=72070"}],"curies":[{"name":"wp","href":"https:\/\/api.w.org\/{rel}","templated":true}]}}