{"id":72380,"date":"2020-10-29T12:51:12","date_gmt":"2020-10-29T11:51:12","guid":{"rendered":"https:\/\/www.icaib.org\/?p=72380"},"modified":"2020-10-29T12:51:12","modified_gmt":"2020-10-29T11:51:12","slug":"advocacia-i-xarxes-socials-al-numero-127-de-misser","status":"publish","type":"post","link":"https:\/\/www.icaib.org\/ca\/advocacia-i-xarxes-socials-al-numero-127-de-misser\/","title":{"rendered":"Advocacia i xarxes socials, al n\u00famero 127 de Miss\u00e8r"},"content":{"rendered":"<p>En qu\u00e8 poden ajudar-nos les xarxes socials en l&#8217;exercici de l&#8217;advocacia? Com s\u2019han d&#8217;utilitzar? Quines s\u00f3n les m\u00e9s eficaces segons els objectius que ens plantegem? Diferents experts de les illes, i tamb\u00e9 de fora d&#8217;elles, ens ofereixen les seves opinions per respondre a tot un seguit de preguntes que cada vegada m\u00e9s es fan els professionals de l&#8217;advocacia sobre la conveni\u00e8ncia o no d&#8217;estar presents en les xarxes.<\/p>\n<p>En el n\u00famero 127 trobarem tamb\u00e9 altres not\u00edcies d&#8217;inter\u00e8s, com els resultats d&#8217;un estudi de l&#8217;associaci\u00f3 Humanizando la Justicia, que revelen l&#8217;elevat nivell d\u2019esgotament que hi ha entre els advocats i les advocades del pa\u00eds; les noves iniciatives sorgides en diferents \u00e0mbits per fer front a l\u2019&#8217;okupaci\u00f3&#8217; d&#8217;immobles; el &#8220;poder sanador&#8221; de la mediaci\u00f3; el malestar de l&#8217;advocacia per l&#8217;habilitaci\u00f3 parcial del mes d&#8217;agost; la seva petici\u00f3 per reduir l&#8217;IVA en els serveis jur\u00eddics; o, ja a la secci\u00f3 de Medi Ambient, l&#8217;avan\u00e7 implacable del canvi clim\u00e0tic.<\/p>\n<p>Entrevistem, a m\u00e9s, al magistrat Carlos G\u00f3mez Mart\u00ednez, al tancament d&#8217;aquesta edici\u00f3 de Miss\u00e8r \u00fanic candidat a la presid\u00e8ncia del TSJIB i recentment elegit membre de Comit\u00e8 de Drets Humans de l&#8217;ONU, mentre que a la secci\u00f3 d&#8217;Opini\u00f3, els advocats Daniel Loscertales i Jaume Suau ens proporcionen la seva visi\u00f3 sobre, respectivament, les reformes que s\u2019haurien d&#8217;adoptar davant l&#8217;ocupaci\u00f3 il\u00b7legal d&#8217;immobles i sobre els &#8216;temps&#8217; de la Just\u00edcia.<\/p>\n<p>A la secci\u00f3 d&#8217;Igualtat, donem compte de la persist\u00e8ncia de la bretxa salarial, d&#8217;una banda, i dels resultats del segon concurs de dibuixos organitzat per la Comissi\u00f3 d&#8217;Igualtat, de l&#8217;altra; mentre en Drets Humans parlem dels camps de refugiats, de la pand\u00e8mia de la impunitat al Iemen i de la persecuci\u00f3 que pateix l&#8217;advocacia a Turquia.<\/p>\n<p>Finalment, en l&#8217;article editorial el deg\u00e0 es refereix a determinades decisions dels poder p\u00fablics i a algunes actituds que preocupen ja que, assegura, suposen un tracte desigual cap a la professi\u00f3.<\/p>\n<a href='https:\/\/www.icaib.org\/wp-content\/uploads\/2020\/10\/Misser_127.pdf' target='_blank'>\n                <i class='fas fa-link'><\/i> \n                <strong>Miss\u00e8r 127<\/strong>\n            <\/a><br\/>\n","protected":false},"excerpt":{"rendered":"<p>En qu\u00e8 poden ajudar-nos les xarxes socials en l&#8217;exercici de  [&#8230;]<\/p>\n","protected":false},"author":1,"featured_media":72366,"comment_status":"closed","ping_status":"closed","sticky":false,"template":"","format":"standard","meta":{"footnotes":""},"categories":[33],"tags":[],"class_list":["post-72380","post","type-post","status-publish","format-standard","has-post-thumbnail","hentry","category-noticies-icaib"],"_links":{"self":[{"href":"https:\/\/www.icaib.org\/ca\/wp-json\/wp\/v2\/posts\/72380","targetHints":{"allow":["GET"]}}],"collection":[{"href":"https:\/\/www.icaib.org\/ca\/wp-json\/wp\/v2\/posts"}],"about":[{"href":"https:\/\/www.icaib.org\/ca\/wp-json\/wp\/v2\/types\/post"}],"author":[{"embeddable":true,"href":"https:\/\/www.icaib.org\/ca\/wp-json\/wp\/v2\/users\/1"}],"replies":[{"embeddable":true,"href":"https:\/\/www.icaib.org\/ca\/wp-json\/wp\/v2\/comments?post=72380"}],"version-history":[{"count":0,"href":"https:\/\/www.icaib.org\/ca\/wp-json\/wp\/v2\/posts\/72380\/revisions"}],"wp:featuredmedia":[{"embeddable":true,"href":"https:\/\/www.icaib.org\/ca\/wp-json\/wp\/v2\/media\/72366"}],"wp:attachment":[{"href":"https:\/\/www.icaib.org\/ca\/wp-json\/wp\/v2\/media?parent=72380"}],"wp:term":[{"taxonomy":"category","embeddable":true,"href":"https:\/\/www.icaib.org\/ca\/wp-json\/wp\/v2\/categories?post=72380"},{"taxonomy":"post_tag","embeddable":true,"href":"https:\/\/www.icaib.org\/ca\/wp-json\/wp\/v2\/tags?post=72380"}],"curies":[{"name":"wp","href":"https:\/\/api.w.org\/{rel}","templated":true}]}}