{"id":88638,"date":"2021-01-11T14:24:31","date_gmt":"2021-01-11T13:24:31","guid":{"rendered":"https:\/\/www.icaib.org\/?p=88638"},"modified":"2021-01-11T14:24:31","modified_gmt":"2021-01-11T13:24:31","slug":"noves-limitacions-a-les-reunions-socials-a-mallorca-i-eivissa","status":"publish","type":"post","link":"https:\/\/www.icaib.org\/ca\/noves-limitacions-a-les-reunions-socials-a-mallorca-i-eivissa\/","title":{"rendered":"Noves limitacions a les reunions socials a Mallorca i Eivissa"},"content":{"rendered":"<p>La presidenta de Govern de les Illes Balears ha signat en data 11 de gener de 2021 un decret, en virtut del qual, segons han avan\u00e7at des de l&#8217;Executiu, el dimecres 13 de gener entraran en vigor, a Mallorca i Eivissa, noves mesures i limitacions, at\u00e8s l&#8217;increment dels contagis i la greu situaci\u00f3 epidemiol\u00f2gica que s&#8217;est\u00e0 registrant en aquestes illes.<\/p>\n<p>En espera de la publicaci\u00f3 del decret al BOIB, la consellera de Presid\u00e8ncia, Pilar Costa, ha anunciat en roda de premsa que en les dues illes les reunions socials quedaran limitades, tant en espais p\u00fablics com privats, exteriors i interiors, a les persones de un mateix nucli de conviv\u00e8ncia. Aquesta limitaci\u00f3 comptar\u00e0 amb algunes excepcions, com, entre unes altres, les relacionades amb les activitats de car\u00e0cter laboral, docent, i de transport; la cura o acompanyament de persones grans o dependents, menors, o especialment vulnerables; les persones que visquin soles, que podran formar part d&#8217;una \u00fanica unitat de conviv\u00e8ncia ampliada; les que tinguin un vincle de parella en cas que visquin separats; o els menors d&#8217;edat, que podran reunir-se amb els seus progenitors en cas que aquests visquin en domicilis diferents. Aquesta nova limitaci\u00f3 s&#8217;uneix a altres ja anunciades en els darrers dies, com la suspensi\u00f3 de l&#8217;activitat de cafeteries, bars i restaurants que, no obstant aix\u00f2, podran oferir serveis de menjar per emportar o a domicili; el tancament de les superf\u00edcies comercials de m\u00e9s de 700 metres quadrats a Mallorca o de 400 a Eivissa, que nom\u00e9s podran obrir les zones dedicades a productes d&#8217;alimentaci\u00f3 i de parafarm\u00e0cia; o la celebraci\u00f3 de festes populars, tant si s\u00f3n d&#8217;iniciativa privada com p\u00fablica.<\/p>\n<p>M\u00e9s informaci\u00f3: <a href=\"http:\/\/www.caib.es\/pidip2front\/jsp\/ca\/fitxa-convocatoria\/strongspan-stylecolor1c697dcovid-19nbspspanstrongstrongspan-stylecolornavyconsell-de-governnbspspanstrongel-consell-de-govern-aprova-reforccedilar-les-mesures-a -Mallorca-ia-eivissa-illa-que-licita-a-nivell-4-drsquoalerta-per-covid-19\" target=\"_blank\" rel=\"noopener\">http:\/\/www.caib.es\/pidip2front\/jsp\/ca\/fitxa-convocatoria\/strongspan-stylecolor1c697dcovid-19nbspspanstrongstrongspan-stylecolornavyconsell-de-governnbspspanstrongel-consell-de-govern-aprova-reforccedilar-les-mesures-a -Mallorca-ia-eivissa-illa-que-licita-a-nivell-4-drsquoalerta-per-covid-19<\/a><\/p>\n","protected":false},"excerpt":{"rendered":"<p>La presidenta de Govern de les Illes Balears ha signat  [&#8230;]<\/p>\n","protected":false},"author":1,"featured_media":31643,"comment_status":"closed","ping_status":"closed","sticky":false,"template":"","format":"standard","meta":{"footnotes":""},"categories":[33],"tags":[],"class_list":["post-88638","post","type-post","status-publish","format-standard","has-post-thumbnail","hentry","category-noticies-icaib"],"_links":{"self":[{"href":"https:\/\/www.icaib.org\/ca\/wp-json\/wp\/v2\/posts\/88638","targetHints":{"allow":["GET"]}}],"collection":[{"href":"https:\/\/www.icaib.org\/ca\/wp-json\/wp\/v2\/posts"}],"about":[{"href":"https:\/\/www.icaib.org\/ca\/wp-json\/wp\/v2\/types\/post"}],"author":[{"embeddable":true,"href":"https:\/\/www.icaib.org\/ca\/wp-json\/wp\/v2\/users\/1"}],"replies":[{"embeddable":true,"href":"https:\/\/www.icaib.org\/ca\/wp-json\/wp\/v2\/comments?post=88638"}],"version-history":[{"count":0,"href":"https:\/\/www.icaib.org\/ca\/wp-json\/wp\/v2\/posts\/88638\/revisions"}],"wp:featuredmedia":[{"embeddable":true,"href":"https:\/\/www.icaib.org\/ca\/wp-json\/wp\/v2\/media\/31643"}],"wp:attachment":[{"href":"https:\/\/www.icaib.org\/ca\/wp-json\/wp\/v2\/media?parent=88638"}],"wp:term":[{"taxonomy":"category","embeddable":true,"href":"https:\/\/www.icaib.org\/ca\/wp-json\/wp\/v2\/categories?post=88638"},{"taxonomy":"post_tag","embeddable":true,"href":"https:\/\/www.icaib.org\/ca\/wp-json\/wp\/v2\/tags?post=88638"}],"curies":[{"name":"wp","href":"https:\/\/api.w.org\/{rel}","templated":true}]}}