{"id":98173,"date":"2021-02-15T10:47:06","date_gmt":"2021-02-15T09:47:06","guid":{"rendered":"https:\/\/www.icaib.org\/?p=98173"},"modified":"2021-02-15T10:47:06","modified_gmt":"2021-02-15T09:47:06","slug":"avis-de-la-mutualitat-de-ladvocacia-necessaria-i-urgent-actualitzacio-regularitzacio-de-situacio-actual-per-comunicacio-obligatoria-a-la-tgss-dels-professionals-integrats-en-mutues","status":"publish","type":"post","link":"https:\/\/www.icaib.org\/ca\/avis-de-la-mutualitat-de-ladvocacia-necessaria-i-urgent-actualitzacio-regularitzacio-de-situacio-actual-per-comunicacio-obligatoria-a-la-tgss-dels-professionals-integrats-en-mutues\/","title":{"rendered":"Av\u00eds de la Mutualitat de l&#8217;Advocacia: necess\u00e0ria i urgent actualitzaci\u00f3\/regularitzaci\u00f3 de situaci\u00f3 actual per comunicaci\u00f3 obligat\u00f2ria a la TGSS dels professionals integrats en m\u00fatues"},"content":{"rendered":"<p>S&#8217;adjunta al final d&#8217;aquestes l\u00ednies informaci\u00f3 de la Mutualitat de l&#8217;Advocacia en relaci\u00f3 a l&#8217;obligaci\u00f3 que la Llei de pressupostos generals de l&#8217;Estat per a 2021 imposa a les mutualitats de previsi\u00f3 social alternatives a el RETA de comunicar a la Tresoreria General de la Seguretat Social, des de l&#8217;1 de mar\u00e7 de 2021 i abans del mes natural seg\u00fcent a la situaci\u00f3 d&#8217;alta o de baixa, una relaci\u00f3 dels professionals integrats en les m\u00fatues, amb indicaci\u00f3 expressa de la data en qu\u00e8 va quedar incl\u00f2s, quina \u00e9s la seva activitat professional i, si escau, la data de baixa en la mutualitat per cessament d&#8217;activitat.<\/p>\n<p>Aquesta informaci\u00f3 ha d&#8217;estar plenament actualitzada, de manera que es recomana als mutualistes, especialment als professionals per compte propi amb previsi\u00f3 a c\u00e0rrec de la Mutualitat com a alternativa al RETA, que actualitzin i\/o regularitzin la seva situaci\u00f3 actual com m\u00e9s aviat millor.<\/p>\n<p>Per a qualsevol consulta o dubte, poden contactar amb la Mutualitat de l&#8217;Advocacia al tel\u00e8fon 914 35 24 86 o al correu <a href=\"mailto:sam@mutualidadabogacia.com\" target=\"_blank\" rel=\"noopener\">sam@mutualidadabogacia.com<\/a>.<\/p>\n<a href='https:\/\/www.icaib.org\/wp-content\/uploads\/2021\/02\/Infografia-nueva-Ley-Web-1.pdf' target='_blank'>\n                <i class='fas fa-link'><\/i> \n                <strong>M\u00e9s informaci\u00f3<\/strong>\n            <\/a><br\/>\n","protected":false},"excerpt":{"rendered":"<p>S&#8217;adjunta al final d&#8217;aquestes l\u00ednies informaci\u00f3 de la Mutualitat de  [&#8230;]<\/p>\n","protected":false},"author":1,"featured_media":0,"comment_status":"closed","ping_status":"closed","sticky":false,"template":"","format":"standard","meta":{"footnotes":""},"categories":[33],"tags":[],"class_list":["post-98173","post","type-post","status-publish","format-standard","hentry","category-noticies-icaib"],"_links":{"self":[{"href":"https:\/\/www.icaib.org\/ca\/wp-json\/wp\/v2\/posts\/98173","targetHints":{"allow":["GET"]}}],"collection":[{"href":"https:\/\/www.icaib.org\/ca\/wp-json\/wp\/v2\/posts"}],"about":[{"href":"https:\/\/www.icaib.org\/ca\/wp-json\/wp\/v2\/types\/post"}],"author":[{"embeddable":true,"href":"https:\/\/www.icaib.org\/ca\/wp-json\/wp\/v2\/users\/1"}],"replies":[{"embeddable":true,"href":"https:\/\/www.icaib.org\/ca\/wp-json\/wp\/v2\/comments?post=98173"}],"version-history":[{"count":0,"href":"https:\/\/www.icaib.org\/ca\/wp-json\/wp\/v2\/posts\/98173\/revisions"}],"wp:attachment":[{"href":"https:\/\/www.icaib.org\/ca\/wp-json\/wp\/v2\/media?parent=98173"}],"wp:term":[{"taxonomy":"category","embeddable":true,"href":"https:\/\/www.icaib.org\/ca\/wp-json\/wp\/v2\/categories?post=98173"},{"taxonomy":"post_tag","embeddable":true,"href":"https:\/\/www.icaib.org\/ca\/wp-json\/wp\/v2\/tags?post=98173"}],"curies":[{"name":"wp","href":"https:\/\/api.w.org\/{rel}","templated":true}]}}